{"id":19342,"date":"2024-12-27T05:45:03","date_gmt":"2024-12-27T05:45:03","guid":{"rendered":"https:\/\/247stiri.ro\/index.php\/2024\/12\/27\/traditii-si-obiceiuri-de-sfantul-stefan-ce-trebuie-sa-faci-pentru-spor-si-sanatate-dar-si-ce-trebuie-sa-eviti-in-aceasta-zi\/"},"modified":"2024-12-27T05:45:03","modified_gmt":"2024-12-27T05:45:03","slug":"traditii-si-obiceiuri-de-sfantul-stefan-ce-trebuie-sa-faci-pentru-spor-si-sanatate-dar-si-ce-trebuie-sa-eviti-in-aceasta-zi","status":"publish","type":"post","link":"https:\/\/247stiri.ro\/index.php\/2024\/12\/27\/traditii-si-obiceiuri-de-sfantul-stefan-ce-trebuie-sa-faci-pentru-spor-si-sanatate-dar-si-ce-trebuie-sa-eviti-in-aceasta-zi\/","title":{"rendered":"Tradi\u021bii \u0219i obiceiuri de Sf\u00e2ntul \u0218tefan. Ce trebuie s\u0103 faci pentru spor \u0219i s\u0103n\u0103tate, dar \u0219i ce trebuie s\u0103 evi\u021bi \u00een aceast\u0103 zi"},"content":{"rendered":"<p>Obiceiuri \u0219i tradi\u021bii de Sf\u00e2ntul \u0218tefan<\/p>\n<p>O veche tradi\u0163ie, \u00eemplinit\u0103 \u00een ziua praznicului Sf\u00e2ntului \u0218tefan, se refer\u0103 la icoana care-l \u00eenf\u0103\u0163i\u015feaz\u0103 pe mucenicul martir: cre\u015ftinii care se confrunt\u0103 cu probleme de s\u0103n\u0103tate sau se judec\u0103 de mult\u0103 vreme cu persoane foarte orgolioase este bine s\u0103 aduc\u0103 \u00een casa lor o icoan\u0103 cu Sf\u00e2ntul \u015etefan, sfin\u0163it\u0103 \u00een aceast\u0103 zi. \u00cen ziua praznicului se fac pomeniri\u00a0pentru sufletele celor care au murit \u00een \u00eemprejur\u0103ri dramatice, iar pachetele cu m\u00e2ncare se \u00eempart \u015fi persoanelor tinere, care poart\u0103 numele primului mucenic \u015etefan.<\/p>\n<p>\u00cen unele zone din Muntenia se prepar\u0103 P\u00e2inicile lui \u015etefan. Dintr-un aluat asem\u0103n\u0103tor cu cel de cozonac, unse cu miere, se fac p\u00e2inici \u00een forme rotunde. Aceste dulciuri, ce amintesc de pietrele care l-au ucis pe Sf\u00e2ntul \u015etefan, se sfin\u0163esc la biseric\u0103, \u00een ziua praznicului \u015fi se \u00eempart copiilor s\u0103raci.<\/p>\n<p>De asemenea,\u00a0de Sf\u00e2ntul \u015etefan se prepar\u0103 \u015fi se \u00eempart mucenici cu miere \u015fi nuc\u0103, ce amintesc de moartea lui muceniceasc\u0103. Pentru sporul casei \u015fi pentru rudele cu probleme mari de s\u0103n\u0103tate,\u00a0se cuvine s\u0103-l cinstim pe Sf\u00e2ntul Mucenic \u015etefan prin fapte bune, iar reconcilierile sunt binevenite \u00een aceast\u0103 zi.<\/p>\n<p>\u00cen ziua praznicului este bine s\u0103 evit\u0103m deplas\u0103rile \u00een zone montane \u015fi \u00een locuri izolate, care ne pun via\u0163a \u00een primejdie. Tot \u00een ziua de Sf\u00e2ntul \u0218tefan se spune c\u0103 este bine s\u0103 d\u0103ruim icoana Sf\u00e2ntului \u0218tefan sau o candel\u0103 nou\u0103 aprins\u0103 pentru s\u0103n\u0103tatea rudelor bolnave, dar \u0219i pentru sporul casei, scrie ziarulunirea.ro.<\/p>\n<p>Ca semn al iubirii, pre\u021buirii \u0219i respectului pe care i-l purt\u0103m Sf\u00e2ntului martir \u0218tefan este bine ca \u00een aceast\u0103 zi persoanele certate s\u0103 se \u00eempace. Sf\u00e2ntul Apostol \u0218tefan, cel dint\u00e2i martir al Bisericii lui Hristos, este primul model de jertf\u0103 cre\u0219tin\u0103.<\/p>\n<p><a href=\"https:\/\/www.realitatea.net\/stiri\/actual\/sfantul-stefan-primul-care-a-vestit-si-a-marturisit-credinta-in-hristos-sarbatorit-in-a-treia-zi-de-craciun_676e336cf78a6a1c7a5669f2\" target=\"_blank\">Sf\u00e2ntul \u015etefan, primul care a vestit \u015fi a m\u0103rturisit credin\u0163a \u00een Hristos, s\u0103rb\u0103torit \u00een a treia zi de Cr\u0103ciun<\/a><\/p>","protected":false},"excerpt":{"rendered":"<p>Obiceiuri \u0219i tradi\u021bii de Sf\u00e2ntul \u0218tefan O veche tradi\u0163ie, \u00eemplinit\u0103 \u00een ziua praznicului Sf\u00e2ntului \u0218tefan,&hellip;<\/p>\n","protected":false},"author":0,"featured_media":19343,"comment_status":"open","ping_status":"open","sticky":false,"template":"","format":"standard","meta":{"footnotes":""},"categories":[2],"tags":[],"class_list":["post-19342","post","type-post","status-publish","format-standard","has-post-thumbnail","hentry","category-actual"],"_links":{"self":[{"href":"https:\/\/247stiri.ro\/index.php\/wp-json\/wp\/v2\/posts\/19342","targetHints":{"allow":["GET"]}}],"collection":[{"href":"https:\/\/247stiri.ro\/index.php\/wp-json\/wp\/v2\/posts"}],"about":[{"href":"https:\/\/247stiri.ro\/index.php\/wp-json\/wp\/v2\/types\/post"}],"replies":[{"embeddable":true,"href":"https:\/\/247stiri.ro\/index.php\/wp-json\/wp\/v2\/comments?post=19342"}],"version-history":[{"count":0,"href":"https:\/\/247stiri.ro\/index.php\/wp-json\/wp\/v2\/posts\/19342\/revisions"}],"wp:featuredmedia":[{"embeddable":true,"href":"https:\/\/247stiri.ro\/index.php\/wp-json\/wp\/v2\/media\/19343"}],"wp:attachment":[{"href":"https:\/\/247stiri.ro\/index.php\/wp-json\/wp\/v2\/media?parent=19342"}],"wp:term":[{"taxonomy":"category","embeddable":true,"href":"https:\/\/247stiri.ro\/index.php\/wp-json\/wp\/v2\/categories?post=19342"},{"taxonomy":"post_tag","embeddable":true,"href":"https:\/\/247stiri.ro\/index.php\/wp-json\/wp\/v2\/tags?post=19342"}],"curies":[{"name":"wp","href":"https:\/\/api.w.org\/{rel}","templated":true}]}}