{"id":19346,"date":"2024-12-27T05:45:04","date_gmt":"2024-12-27T05:45:04","guid":{"rendered":"https:\/\/247stiri.ro\/index.php\/2024\/12\/27\/10-ani-de-iohannis-mandatul-faraonului-golf-schi-avioane-private-case-masini-de-ce-nu-pleaca-de-la-cotroceni\/"},"modified":"2024-12-27T05:45:04","modified_gmt":"2024-12-27T05:45:04","slug":"10-ani-de-iohannis-mandatul-faraonului-golf-schi-avioane-private-case-masini-de-ce-nu-pleaca-de-la-cotroceni","status":"publish","type":"post","link":"https:\/\/247stiri.ro\/index.php\/2024\/12\/27\/10-ani-de-iohannis-mandatul-faraonului-golf-schi-avioane-private-case-masini-de-ce-nu-pleaca-de-la-cotroceni\/","title":{"rendered":"10 ani de Iohannis. Mandatul faraonului: golf, schi, avioane private, case, ma\u0219ini. De ce nu pleac\u0103 de la Cotroceni?"},"content":{"rendered":"<p>Dup\u0103 zece ani de arogan\u021b\u0103, gafe \u0219i controverse, epoca Iohannis este departe de final. Pre\u0219edintele a anun\u021bat clar c\u0103 r\u0103m\u00e2ne \u00een scaunul de la Cotroceni p\u00e2n\u0103 c\u00e2nd va fi ales un nou pre\u0219edinte. Guvernul Ciolacu 2 este cel care trebuie s\u0103 stabileasc\u0103 data alegerilor. Este al cincilea Guvern PSD numit de Klaus Iohannis, de\u0219i, \u00een campania electoral\u0103 \u00eempotriva lui Victor Ponta, a promis c\u0103 va sc\u0103pa \u021bara de \u201eciuma ro\u0219ie\u201d.\u00a0<\/p>\n<p>Imediat dup\u0103 victoria lui Iohannis, Victor Ponta a mai r\u0103mas \u00eens\u0103 premier c\u00e2teva luni bune. Dup\u0103 Guvernul Ciolo\u0219, Iohannis a numit un nou Guvern PSD, condus de Sorin Grindeanu. De altfel, Klaus Iohannis este pre\u0219edintele care a numit cei mai mul\u021bi premieri PSD &#8211; Grindeanu, Tudose, D\u0103ncil\u0103 \u0219i, de dou\u0103 ori, Ciolacu, \u00een timp ce din partea PNL a numit doar trei &#8211; Guvernul Orban, Guvernul C\u00ee\u021bu \u0219i, \u00een final, Guvernul Ciuc\u0103.<\/p>\n<p>Mandatul lui Klaus Iohannis a fost marcat de numeroase controverse, \u00een special \u00een jurul deplas\u0103rilor de lux, cu avioane private, \u00een zone exotice.<\/p>\n<p>\u00cen ciuda insisten\u021belor presei, pre\u0219edintele a refuzat s\u0103 desecretizeze cheltuielile.<\/p>\n<p>\u0218i cheltuielile ne\u021binute la secret au st\u00e2rnit furia opiniei publice. [CARTON 1] Spre exemplu, \u00een urm\u0103 cu c\u00e2teva luni, Administra\u021bia Preziden\u021bial\u0103 a cheltuit mii de euro pentru c\u00e2teva fe\u021be de mas\u0103. \u201eAv\u00e2nd \u00een vedere activit\u0103\u021bile de protocol care sunt organizate de c\u0103tre Administra\u021bia Preziden\u021bial\u0103 cu ocazia evenimentelor la care particip\u0103 delega\u021bii na\u021bionale \u015fi interna\u021bionale, sunt necesare o serie de obiecte specifice, inclusiv fe\u021be de mas\u0103\u201d, a fost r\u0103spunsul Cotroceniului la \u00eentreb\u0103rile jurnali\u0219tilor.<\/p>\n<p>O alt\u0103 achizi\u021bie scandaloas\u0103 a fost cea a ma\u0219inilor de lux din banii statului. Ministerul de Interne, condus la acea vreme de Lucian Bode, a achizi\u021bionat mai multe ma\u0219ini marca BMW, dup\u0103 ce licita\u021bia a fost c\u00e2\u0219tigat\u0103 de firma de\u021binut\u0103 de un apropiat al pre\u0219edintelui Iohannis &#8211; Michael Schmidt. [CARTON 2] \u00centr-o declara\u021bie de pres\u0103, \u0219eful statului a negat atunci c\u0103 ar fi avut vreo leg\u0103tur\u0103 cu achizi\u021bia \u0219i a cerut chiar institu\u021biilor statului, adic\u0103 tot Ministerului de Interne, s\u0103 \u00ee\u0219i investigheze propria achizi\u021bie.<\/p>\n<p>Chiar dac\u0103 nu se gr\u0103be\u0219te s\u0103 plece din func\u021bie, pre\u0219edintele a avut grij\u0103 s\u0103 \u00ee\u0219i preg\u0103teasc\u0103 terenul pentru ie\u0219irea la pensie. Presa a descoperit c\u0103 \u00een Aviatorilor se preg\u0103te\u0219te o vil\u0103 de lux pentru un fost \u0219ef de stat, cu renov\u0103ri \u0219i dot\u0103ri suplimentare care au ajuns la costuri de aproape 14 milioane de lei. Costurile au fost \u0219i ele desecretizate \u00een campania electoral\u0103, dup\u0103 un scandal care a durat s\u0103pt\u0103m\u00e2ni bune.<\/p>\n<p>La fel a negat pre\u0219edintele \u0219i c\u0103 ar fi cerut o lege pentru el, atunci c\u00e2nd PNL a ini\u021biat \u00een Parlament o lege care i-ar fi permis pre\u0219edintelui s\u0103 candideze la alegerile parlamentare c\u00e2t timp \u00eenc\u0103 era \u00een mandat.<\/p>\n<p>Nu doar Vila din Aviatorilor a st\u00e2rnit aten\u021bia publicului. Imagini surprinse din satelit \u00een cursul acestui an au revelat c\u0103 la vila de protocol de la Neptun fusese construit un teren de golf. De altfel, \u0219eful statului nu \u0219i-a ascuns pasiunea pentru golf.<\/p>\n<p>O alt\u0103 pasiune a pre\u0219edintelui, cea pentru schi, a st\u00e2rnit controverse dup\u0103 ce Klaus Iohannis a fost surprins pe p\u00e2rtia de la P\u0103ltini\u0219 la doar c\u00e2teva zile dup\u0103 tragedia provocat\u0103 de un incendiu la spitalul Matei Bal\u0219. Pre\u0219edintele i-a invitat chiar \u0219i pe jurnali\u0219ti s\u0103 i se al\u0103ture.<\/p>\n<p>\u00cenc\u0103 de la \u00eenceputul mandatului, semnele legate de atitudinea nepotrivit\u0103 a pre\u0219edintelui erau vizibile. Un moment memorabil este cel \u00een care, sup\u0103rat c\u0103 nimeni nu s-a oferit s\u0103 \u00eei ia paltonul, \u0219i-a aruncat haina pe ma\u0219in\u0103.<\/p>\n<p>Arogan\u021ba \u0219i pasiunea pentru lux \u0219i avu\u021bie pare s\u0103 dateze \u00eenc\u0103 dinainte de mandatul de la Cotroceni. \u00centrebat de un jurnalist despre cele \u0219ase case ale sale, Klaus Iohannis a r\u0103spuns sfid\u0103tor.<\/p>\n<p>\u00cen luna septembrie a acestui an, \u0219eful statului pierdea \u00een instan\u021b\u0103 a doua cas\u0103 personal\u0103 dup\u0103 ce s-a dovedit c\u0103 o parte dintre locuin\u021bele pre\u0219edintelui fuseser\u0103 ob\u021binute ilegal, iar Iohannis era obligat s\u0103 restituie ANAF banii \u00eencasa\u021bi din chirii.\u00a0<\/p>\n<p>\u00a0<\/p>","protected":false},"excerpt":{"rendered":"<p>Dup\u0103 zece ani de arogan\u021b\u0103, gafe \u0219i controverse, epoca Iohannis este departe de final. Pre\u0219edintele&hellip;<\/p>\n","protected":false},"author":0,"featured_media":19339,"comment_status":"open","ping_status":"open","sticky":false,"template":"","format":"standard","meta":{"footnotes":""},"categories":[2],"tags":[],"class_list":["post-19346","post","type-post","status-publish","format-standard","has-post-thumbnail","hentry","category-actual"],"_links":{"self":[{"href":"https:\/\/247stiri.ro\/index.php\/wp-json\/wp\/v2\/posts\/19346","targetHints":{"allow":["GET"]}}],"collection":[{"href":"https:\/\/247stiri.ro\/index.php\/wp-json\/wp\/v2\/posts"}],"about":[{"href":"https:\/\/247stiri.ro\/index.php\/wp-json\/wp\/v2\/types\/post"}],"replies":[{"embeddable":true,"href":"https:\/\/247stiri.ro\/index.php\/wp-json\/wp\/v2\/comments?post=19346"}],"version-history":[{"count":0,"href":"https:\/\/247stiri.ro\/index.php\/wp-json\/wp\/v2\/posts\/19346\/revisions"}],"wp:featuredmedia":[{"embeddable":true,"href":"https:\/\/247stiri.ro\/index.php\/wp-json\/wp\/v2\/media\/19339"}],"wp:attachment":[{"href":"https:\/\/247stiri.ro\/index.php\/wp-json\/wp\/v2\/media?parent=19346"}],"wp:term":[{"taxonomy":"category","embeddable":true,"href":"https:\/\/247stiri.ro\/index.php\/wp-json\/wp\/v2\/categories?post=19346"},{"taxonomy":"post_tag","embeddable":true,"href":"https:\/\/247stiri.ro\/index.php\/wp-json\/wp\/v2\/tags?post=19346"}],"curies":[{"name":"wp","href":"https:\/\/api.w.org\/{rel}","templated":true}]}}