{"id":19348,"date":"2024-12-27T05:45:04","date_gmt":"2024-12-27T05:45:04","guid":{"rendered":"https:\/\/247stiri.ro\/index.php\/2024\/12\/27\/sfantul-stefan-primul-care-a-vestit-si-a-marturisit-credinta-in-hristos-sarbatorit-in-a-treia-zi-de-craciun\/"},"modified":"2024-12-27T05:45:04","modified_gmt":"2024-12-27T05:45:04","slug":"sfantul-stefan-primul-care-a-vestit-si-a-marturisit-credinta-in-hristos-sarbatorit-in-a-treia-zi-de-craciun","status":"publish","type":"post","link":"https:\/\/247stiri.ro\/index.php\/2024\/12\/27\/sfantul-stefan-primul-care-a-vestit-si-a-marturisit-credinta-in-hristos-sarbatorit-in-a-treia-zi-de-craciun\/","title":{"rendered":"Sf\u00e2ntul \u015etefan, primul care a vestit \u015fi a m\u0103rturisit credin\u0163a \u00een Hristos, s\u0103rb\u0103torit \u00een a treia zi de Cr\u0103ciun"},"content":{"rendered":"<p>Sf\u00e2ntul \u015etefan este considerat primul care a vestit \u015fi a m\u0103rturisit credin\u0163a \u00een Iisus Hristos, iar pentru aceasta a fost ucis cu pietre.<\/p>\n<p>De origine iudeu, Sf\u00e2ntul Apostol \u015fi Arhidiacon \u015etefan a fost unul dintre cei \u015fapte diaconi ale\u015fi de c\u0103tre Sfin\u0163ii Apostoli din Ierusalim. Sf\u00e2ntul \u015etefan a ajutat la \u00eemp\u0103r\u0163irea zilnic\u0103 a bunurilor, \u00een special a hranei. El s-a bucurat de \u00eent\u00e2ietate \u00een r\u00e2ndul diaconilor, fiind socotit arhidiacon. Numele s\u0103u este \u00eens\u0103 de origine greac\u0103, \u00eensemn\u00e2nd &#8222;coroan\u0103&#8221;.<\/p>\n<p>Sf\u00e2ntul \u015etefan era un bun cunosc\u0103tor al Vechiului Testament, precum \u015fi al \u00eenv\u0103\u0163\u0103turilor lui Iisus Hristos. El a fost judecat de Sinedriu pentru\u00a0 blasfemie la adresa lui Moise \u015fi a lui Dumnezeu.<\/p>\n<p>Sf\u00e2ntul \u015etefan a fost scos afar\u0103 din cetate \u015fi omor\u00e2t cu pietre, devenind astfel primul martir cre\u015ftin. \u00cen timp ce era ucis, el a cerut iertare pentru cei care \u00eel omorau. Potrivit tradi\u0163iei, trupul s\u0103u a fost \u00eenmorm\u00e2ntat \u00eentr-o pe\u015fter\u0103 de Gamaliel.<\/p>\n<p>Potrivit tradi\u0163iei, persoanele cu probleme de s\u0103n\u0103tate trebuie s\u0103 aduc\u0103 \u00een cas\u0103, \u00een ziua Sf\u00e2ntului \u015etefan, o icoan\u0103 a acestuia. De altfel, se consider\u0103 c\u0103 icoana Sf\u00e2ntului \u015etefan este bine s\u0103 fie d\u0103ruit\u0103 pentru sporul casei \u015fi pentru s\u0103n\u0103tate, iar persoanele care sunt certate s\u0103 se \u00eempace.<\/p>\n<p>Nu exist\u0103 obiceiuri speciale pentru ziua Sf\u00e2ntului \u015etefan, dar \u0163\u0103ranii &#8211; ca \u015fi or\u0103\u015fenii &#8211; o \u0163in. Sunt mul\u0163i cei care poart\u0103 numele Sf\u00e2ntului \u015fi de aceea \u00eel respect\u0103 ca pe un sf\u00e2nt patron.<\/p>\n<p>&#8222;Mai de pre\u0163 este un nume bun dec\u00e2t untdelemnul cel binemirositor\u201c, spune Ecclesiastul. Pe vremuri numele era ales cu mare grij\u0103. Nou-n\u0103scutul primea un nume de sf\u00e2nt (care \u00eei devenea sf\u00e2nt patron) sau unul cu rolul de a speria duhurile necurate, precum Urs, Lup, Grozavu, Stoian. Onomasticile \u00een sat se topeau \u00eentru c\u00e2tva \u00een s\u0103rb\u0103toarea Sf\u00e2ntului. De pild\u0103, \u00een ziua de S\u00e2ngiorz, \u00eentre multe altele, erau s\u0103rb\u0103tori\u0163i \u015fi oamenii care purtau numele de Gheorghe. Ora\u015ful, s\u0103rac \u00een s\u0103rb\u0103tori, dar atent cu individul, d\u0103 mare importan\u0163\u0103 onomasticilor, de\u015fi \u00een via\u0163a de zi cu zi numele de sfin\u0163i sunt abandonate \u00een favoarea unor diminutive. Cine mai are curajul s\u0103 se numeasc\u0103 azi Gheorghe, chiar dac\u0103 a\u015fa \u201eeste scris\u201c \u00een acte? Spui Geo, spui Gigi, spui George. Gheorghe e\u015fti numai de ziua ta, ba nici atunci.<\/p>\n<p>Sf\u00e2ntul s\u0103rb\u0103torit \u00een a treia zi de Cr\u0103ciun a fost primul care a vestit \u015fi m\u0103rturisit credin\u0163a \u00een Hristos. Pentru credin\u0163a lui a fost ucis cu pietre. \u00cen timp ce pietrele \u00eel loveau, \u015etefan se ruga pentru cei care le aruncau: \u201eDoamne, nu le socoti lor p\u0103catul acesta.\u201d Sacrificiul lui a dat roade imediat. Un t\u00e2n\u0103r care p\u0103zea hainele celor ce aruncau cu pietre a fost tulburat de moartea mucenicului. Dup\u0103 \u00eent\u00e2lnirea cu Hristos pe drumul Damascului, t\u00e2n\u0103rul, pe nume Saul, l-a urmat \u015fi a devenit Apostolul Pavel&#8221;, scrie Irina Nicolau \u00een &#8222;Ghidul s\u0103rb\u0103torilor rom\u00e2ne\u015fti&#8221;.<\/p>","protected":false},"excerpt":{"rendered":"<p>Sf\u00e2ntul \u015etefan este considerat primul care a vestit \u015fi a m\u0103rturisit credin\u0163a \u00een Iisus Hristos,&hellip;<\/p>\n","protected":false},"author":0,"featured_media":19349,"comment_status":"open","ping_status":"open","sticky":false,"template":"","format":"standard","meta":{"footnotes":""},"categories":[2],"tags":[],"class_list":["post-19348","post","type-post","status-publish","format-standard","has-post-thumbnail","hentry","category-actual"],"_links":{"self":[{"href":"https:\/\/247stiri.ro\/index.php\/wp-json\/wp\/v2\/posts\/19348","targetHints":{"allow":["GET"]}}],"collection":[{"href":"https:\/\/247stiri.ro\/index.php\/wp-json\/wp\/v2\/posts"}],"about":[{"href":"https:\/\/247stiri.ro\/index.php\/wp-json\/wp\/v2\/types\/post"}],"replies":[{"embeddable":true,"href":"https:\/\/247stiri.ro\/index.php\/wp-json\/wp\/v2\/comments?post=19348"}],"version-history":[{"count":0,"href":"https:\/\/247stiri.ro\/index.php\/wp-json\/wp\/v2\/posts\/19348\/revisions"}],"wp:featuredmedia":[{"embeddable":true,"href":"https:\/\/247stiri.ro\/index.php\/wp-json\/wp\/v2\/media\/19349"}],"wp:attachment":[{"href":"https:\/\/247stiri.ro\/index.php\/wp-json\/wp\/v2\/media?parent=19348"}],"wp:term":[{"taxonomy":"category","embeddable":true,"href":"https:\/\/247stiri.ro\/index.php\/wp-json\/wp\/v2\/categories?post=19348"},{"taxonomy":"post_tag","embeddable":true,"href":"https:\/\/247stiri.ro\/index.php\/wp-json\/wp\/v2\/tags?post=19348"}],"curies":[{"name":"wp","href":"https:\/\/api.w.org\/{rel}","templated":true}]}}