{"id":19350,"date":"2024-12-27T05:45:04","date_gmt":"2024-12-27T05:45:04","guid":{"rendered":"https:\/\/247stiri.ro\/index.php\/2024\/12\/27\/cate-zile-libere-avem-in-2025-si-unde-este-potential-de-mini-vacante-sau-punti\/"},"modified":"2024-12-27T05:45:04","modified_gmt":"2024-12-27T05:45:04","slug":"cate-zile-libere-avem-in-2025-si-unde-este-potential-de-mini-vacante-sau-punti","status":"publish","type":"post","link":"https:\/\/247stiri.ro\/index.php\/2024\/12\/27\/cate-zile-libere-avem-in-2025-si-unde-este-potential-de-mini-vacante-sau-punti\/","title":{"rendered":"C\u00e2te zile libere avem \u00een 2025 \u0219i unde este poten\u021bial de mini-vacan\u021be sau pun\u021bi"},"content":{"rendered":"<p>Un prilej de mini-vacan\u0163\u0103 va mai fi tot \u00een ianuarie c\u00e2nd 24 \u2013 Ziua Unirii Principatelor \u2013 pic\u0103 vineri.<\/p>\n<p>Apoi, de 1 Mai (joi), cu o punte se ajunge la 4 zile libere pentru bugetari.<\/p>\n<p>Orice punte fi decis\u0103 doar de Guvern pentru angaja\u0163ii de la stat. Cei din privat depind doar de voin\u0163a angajatorului.<\/p>\n<p>Alt\u0103 mini-vacan\u0163\u0103 este \u015fi \u00een august, c\u00e2nd Sf\u00e2nta Maria pic\u0103 vineri.<\/p>\n<p>Din p\u0103cate, clasica mini-vacan\u0163\u0103 de Ziua Na\u0163ional\u0103 este mai scurt\u0103 pentru c\u0103 30 noiembrie (Sf Andrei) pic\u0103 \u00een weekend, scrie <a href=\"https:\/\/spotmedia.ro\/stiri\/social\/ce-zile-libere-avem-in-2025-si-unde-e-potential-de-mini-vacante-sau-punti-pentru-bugetari\" target=\"_blank\">spotmedia.ro<\/a>.<\/p>\n<p>Dar s\u0103 vedem mai departe ce zile libere ne a\u015fteapt\u0103 \u00een 2025. \u00cen total sunt 17.<\/p>\n<p>Vorbim despre s\u0103rb\u0103torile legale care sunt zile declarate prin lege ca fiind nelucr\u0103toare.<\/p>\n<p>Lista zilelor libere legale \u00een 20251 ianuarie 2025 \u2013 Anul Nou2 ianuarie 2025 \u2013 Anul Nou6 ianuarie 2025 \u2013 Boboteaza7 ianuarie 2025 \u2013 Sf\u00e2ntul Ioan Botez\u0103torul24 ianuarie 2025 \u2013 Ziua Unirii Principatelor Rom\u00e2ne (vineri &#8211; mini-vacan\u0163\u0103 cu weekend-ul 25-26 ianuarie)18 \u2013 21 aprilie 2025 \u2013 Pa\u0219te (vineri-luni)1 mai 2025 \u2013 Ziua Muncii &#8211; (joi &#8211; prilej de punte \u015fi 4 zile libere)1 iunie 2025 \u2013 Ziua Copilului (duminic\u0103, se pierde practic)8-9 iunie 2025 \u2013 Rusaliile (duminic\u0103 \u015fi luni)15 august 2025 \u2013 Adormirea Maicii Domnului (vineri &#8211; mini-vacan\u0163\u0103 cu weekend-ul 16-17 august)30 noiembrie 2025 \u2013 Sf\u00e2ntul Andrei (duminic\u0103, iar se pierde o zi liber\u0103)1 decembrie \u2013 Ziua Na\u021bional\u0103 a Rom\u00e2niei25-26 decembrie 2025 \u2013 Cr\u0103ciunul (joi-vineri, mini-vacan\u0163\u0103 cu weekend-ul 27-28)<\/p>\n<p>\u00a0<\/p>","protected":false},"excerpt":{"rendered":"<p>Un prilej de mini-vacan\u0163\u0103 va mai fi tot \u00een ianuarie c\u00e2nd 24 \u2013 Ziua Unirii&hellip;<\/p>\n","protected":false},"author":0,"featured_media":19328,"comment_status":"open","ping_status":"open","sticky":false,"template":"","format":"standard","meta":{"footnotes":""},"categories":[2],"tags":[],"class_list":["post-19350","post","type-post","status-publish","format-standard","has-post-thumbnail","hentry","category-actual"],"_links":{"self":[{"href":"https:\/\/247stiri.ro\/index.php\/wp-json\/wp\/v2\/posts\/19350","targetHints":{"allow":["GET"]}}],"collection":[{"href":"https:\/\/247stiri.ro\/index.php\/wp-json\/wp\/v2\/posts"}],"about":[{"href":"https:\/\/247stiri.ro\/index.php\/wp-json\/wp\/v2\/types\/post"}],"replies":[{"embeddable":true,"href":"https:\/\/247stiri.ro\/index.php\/wp-json\/wp\/v2\/comments?post=19350"}],"version-history":[{"count":0,"href":"https:\/\/247stiri.ro\/index.php\/wp-json\/wp\/v2\/posts\/19350\/revisions"}],"wp:featuredmedia":[{"embeddable":true,"href":"https:\/\/247stiri.ro\/index.php\/wp-json\/wp\/v2\/media\/19328"}],"wp:attachment":[{"href":"https:\/\/247stiri.ro\/index.php\/wp-json\/wp\/v2\/media?parent=19350"}],"wp:term":[{"taxonomy":"category","embeddable":true,"href":"https:\/\/247stiri.ro\/index.php\/wp-json\/wp\/v2\/categories?post=19350"},{"taxonomy":"post_tag","embeddable":true,"href":"https:\/\/247stiri.ro\/index.php\/wp-json\/wp\/v2\/tags?post=19350"}],"curies":[{"name":"wp","href":"https:\/\/api.w.org\/{rel}","templated":true}]}}