{"id":19411,"date":"2024-12-27T08:45:03","date_gmt":"2024-12-27T08:45:03","guid":{"rendered":"https:\/\/247stiri.ro\/index.php\/2024\/12\/27\/un-an-de-la-tragedia-de-la-ferma-dacilor-nicio-concluzie-patronul-cornel-dinicu-inca-face-petreceri\/"},"modified":"2024-12-27T08:45:03","modified_gmt":"2024-12-27T08:45:03","slug":"un-an-de-la-tragedia-de-la-ferma-dacilor-nicio-concluzie-patronul-cornel-dinicu-inca-face-petreceri","status":"publish","type":"post","link":"https:\/\/247stiri.ro\/index.php\/2024\/12\/27\/un-an-de-la-tragedia-de-la-ferma-dacilor-nicio-concluzie-patronul-cornel-dinicu-inca-face-petreceri\/","title":{"rendered":"Un an de la tragedia de la Ferma Dacilor, nicio concluzie. Patronul Cornel Dinicu \u00eenc\u0103 face petreceri"},"content":{"rendered":"<p>Anchetatorii au verificat toate probele pe care le-au str\u00e2ns \u00een ultimul an. Ace\u0219tia au primit rapoarte de sute de pagini care nu indic\u0103 cu exactitate cauza tragediei de la Ferma Dacilor. \u00cen acela\u0219i timp, speciali\u0219tii spun c\u0103 incendiul ar fi putut porni de la supra\u00eenc\u0103rcarea re\u021belei electrice.<\/p>\n<p>Cornel Dinicu, patronul Fermei Dacilor a stat \u00een arest preventiv dar acum este cercetat \u00een libertate. Dosarul nu a fost \u00eens\u0103 trimis \u00een judecat\u0103, iar ancheta este \u00een continuare pe masa procurorilor.<\/p>\n<p>De\u0219i anul trecut a avut loc nenorocirea care s-a soldat cu 8 mor\u021bi, Cornel Dinicu organizeaz\u0103 evenimente la Ferma Dacilor f\u0103r\u0103 nicio remu\u0219care. Pensiunea nu mai cazeaz\u0103 turi\u0219ti, \u00eens\u0103 mai mereu au loc petreceri \u0219i evenimente la care particip\u0103 \u0219i persoane celebre.<\/p>\n<p>Ferma Dacilor a func\u021bionat o lung\u0103 perioad\u0103 de timp f\u0103r\u0103 aviz din partea prim\u0103riei sau din partea pompierilor. \u00cen momentul de fa\u021b\u0103 \u0219i pompierii sunt cerceta\u021bi dar \u0219i fo\u0219ti angaja\u021bi ai prim\u0103riei pentru c\u0103 ar eliberat documente \u00een mod ilegal.\u00a0<\/p>\n<p>\u00a0<\/p>","protected":false},"excerpt":{"rendered":"<p>Anchetatorii au verificat toate probele pe care le-au str\u00e2ns \u00een ultimul an. Ace\u0219tia au primit&hellip;<\/p>\n","protected":false},"author":0,"featured_media":19412,"comment_status":"open","ping_status":"open","sticky":false,"template":"","format":"standard","meta":{"footnotes":""},"categories":[2],"tags":[],"class_list":["post-19411","post","type-post","status-publish","format-standard","has-post-thumbnail","hentry","category-actual"],"_links":{"self":[{"href":"https:\/\/247stiri.ro\/index.php\/wp-json\/wp\/v2\/posts\/19411","targetHints":{"allow":["GET"]}}],"collection":[{"href":"https:\/\/247stiri.ro\/index.php\/wp-json\/wp\/v2\/posts"}],"about":[{"href":"https:\/\/247stiri.ro\/index.php\/wp-json\/wp\/v2\/types\/post"}],"replies":[{"embeddable":true,"href":"https:\/\/247stiri.ro\/index.php\/wp-json\/wp\/v2\/comments?post=19411"}],"version-history":[{"count":0,"href":"https:\/\/247stiri.ro\/index.php\/wp-json\/wp\/v2\/posts\/19411\/revisions"}],"wp:featuredmedia":[{"embeddable":true,"href":"https:\/\/247stiri.ro\/index.php\/wp-json\/wp\/v2\/media\/19412"}],"wp:attachment":[{"href":"https:\/\/247stiri.ro\/index.php\/wp-json\/wp\/v2\/media?parent=19411"}],"wp:term":[{"taxonomy":"category","embeddable":true,"href":"https:\/\/247stiri.ro\/index.php\/wp-json\/wp\/v2\/categories?post=19411"},{"taxonomy":"post_tag","embeddable":true,"href":"https:\/\/247stiri.ro\/index.php\/wp-json\/wp\/v2\/tags?post=19411"}],"curies":[{"name":"wp","href":"https:\/\/api.w.org\/{rel}","templated":true}]}}