{"id":19427,"date":"2024-12-27T09:45:34","date_gmt":"2024-12-27T09:45:34","guid":{"rendered":"https:\/\/247stiri.ro\/index.php\/2024\/12\/27\/accident-teribil-pe-o-sosea-din-vrancea-a-fost-implicata-o-ambulanta-o-persoana-a-murit-alta-este-in-stare-foarte-grava-foto\/"},"modified":"2024-12-27T09:45:34","modified_gmt":"2024-12-27T09:45:34","slug":"accident-teribil-pe-o-sosea-din-vrancea-a-fost-implicata-o-ambulanta-o-persoana-a-murit-alta-este-in-stare-foarte-grava-foto","status":"publish","type":"post","link":"https:\/\/247stiri.ro\/index.php\/2024\/12\/27\/accident-teribil-pe-o-sosea-din-vrancea-a-fost-implicata-o-ambulanta-o-persoana-a-murit-alta-este-in-stare-foarte-grava-foto\/","title":{"rendered":"Accident teribil pe o \u0219osea din Vrancea, a fost implicat\u0103 o AMBULAN\u021a\u0102. O persoan\u0103 a murit, alta este \u00een stare foarte grav\u0103 &#8211; FOTO"},"content":{"rendered":"<p>Potrivit primelor cercet\u0103ri, accidentul s-a produs din cauza vitezei ce nu a fost adaptat\u0103 la condi\u021biile de drum (carosabil ud, alunecos). Se pare c\u0103 unul dintre autovehicule a derapat \u0219i a intrat pe contrasens.\u00a0&#8222;Din primele cercet\u0103ri efectuate la fa\u021ba locului rezult\u0103 c\u0103 accidentul, \u00een care au fost implicate dou\u0103 autovehicule, dintre care o ambulan\u021b\u0103 privat\u0103 ce apar\u021bine unui spital din Bucure\u0219ti, s-a produs pe fondul neadapt\u0103rii vitezei la condi\u021biile de drum, derapare \u0219i p\u0103trunderea pe contrasens.\u00a0Din nefericire, a rezultat decesul pasagerului dreapta fa\u021b\u0103 din autoturism, r\u0103nirea grav\u0103 a pasagerului st\u00e2nga spate din autoturism \u0219i r\u0103nirea u\u0219oar\u0103 a altor trei persoane, dintre care dou\u0103 cadre medicale din ambulan\u021ba privat\u0103 \u0219i una din autoturism, conduc\u0103torul auto al acestuia&#8221;, informeaz\u0103 IPJ Vrancea.\u00a0<\/p>","protected":false},"excerpt":{"rendered":"<p>Potrivit primelor cercet\u0103ri, accidentul s-a produs din cauza vitezei ce nu a fost adaptat\u0103 la&hellip;<\/p>\n","protected":false},"author":0,"featured_media":19428,"comment_status":"open","ping_status":"open","sticky":false,"template":"","format":"standard","meta":{"footnotes":""},"categories":[2],"tags":[],"class_list":["post-19427","post","type-post","status-publish","format-standard","has-post-thumbnail","hentry","category-actual"],"_links":{"self":[{"href":"https:\/\/247stiri.ro\/index.php\/wp-json\/wp\/v2\/posts\/19427","targetHints":{"allow":["GET"]}}],"collection":[{"href":"https:\/\/247stiri.ro\/index.php\/wp-json\/wp\/v2\/posts"}],"about":[{"href":"https:\/\/247stiri.ro\/index.php\/wp-json\/wp\/v2\/types\/post"}],"replies":[{"embeddable":true,"href":"https:\/\/247stiri.ro\/index.php\/wp-json\/wp\/v2\/comments?post=19427"}],"version-history":[{"count":0,"href":"https:\/\/247stiri.ro\/index.php\/wp-json\/wp\/v2\/posts\/19427\/revisions"}],"wp:featuredmedia":[{"embeddable":true,"href":"https:\/\/247stiri.ro\/index.php\/wp-json\/wp\/v2\/media\/19428"}],"wp:attachment":[{"href":"https:\/\/247stiri.ro\/index.php\/wp-json\/wp\/v2\/media?parent=19427"}],"wp:term":[{"taxonomy":"category","embeddable":true,"href":"https:\/\/247stiri.ro\/index.php\/wp-json\/wp\/v2\/categories?post=19427"},{"taxonomy":"post_tag","embeddable":true,"href":"https:\/\/247stiri.ro\/index.php\/wp-json\/wp\/v2\/tags?post=19427"}],"curies":[{"name":"wp","href":"https:\/\/api.w.org\/{rel}","templated":true}]}}