{"id":19430,"date":"2024-12-27T09:45:34","date_gmt":"2024-12-27T09:45:34","guid":{"rendered":"https:\/\/247stiri.ro\/index.php\/2024\/12\/27\/nati-meir-urmeaza-sa-fie-adus-vineri-in-tara-de-la-atena-el-a-fost-condamnat-la-11-ani-de-inchisoare\/"},"modified":"2024-12-27T09:45:34","modified_gmt":"2024-12-27T09:45:34","slug":"nati-meir-urmeaza-sa-fie-adus-vineri-in-tara-de-la-atena-el-a-fost-condamnat-la-11-ani-de-inchisoare","status":"publish","type":"post","link":"https:\/\/247stiri.ro\/index.php\/2024\/12\/27\/nati-meir-urmeaza-sa-fie-adus-vineri-in-tara-de-la-atena-el-a-fost-condamnat-la-11-ani-de-inchisoare\/","title":{"rendered":"Nati Meir urmeaz\u0103 s\u0103 fie adus vineri \u00een \u0163ar\u0103, de la Atena. El a fost condamnat la 11 ani de \u00eenchisoare"},"content":{"rendered":"<p>Nati Meir a fost condamnat la o pedeaps\u0103 rezultant\u0103 de 11 ani de \u00eenchisoare pentru s\u0103v\u00e2r\u015firea a 7 infrac\u0163iuni de \u00een\u015fel\u0103ciune, trafic de influen\u0163\u0103 \u015fi luare de mit\u0103.<\/p>\n<p>\u00cempotriva sa a fost emis un mandat de executare a pedepsei \u00eenchisorii de c\u0103tre Judec\u0103toria Bra\u015fov, \u00een anul 2017, \u00een temeiul sentin\u0163ei penale nr. 1815\/07.10.2016, pronun\u0163at\u0103 de Judec\u0103toria Bra\u015fov, r\u0103mas\u0103 definitiv\u0103 prin decizia penal\u0103 nr. 180\/9.03.2017 a Cur\u0163ii de Apel Bra\u015fov. Prin sentin\u0163a sus-men\u0163ionat\u0103, s-a re\u0163inut c\u0103 faptele se afl\u0103 \u00een concurs cu cele pentru care a fost condamnat \u00een 2010 de c\u0103tre Tribunalul Bucure\u015fti (sentin\u0163a penal\u0103 nr. 146\/2010, definitiv\u0103 prin decizia penal\u0103 nr. 173\/2014 a \u00ceCCJ), \u00een 2012 de Tribunalul Gala\u0163i (sentin\u0163a penal\u0103 nr. 117\/2012, definitiv\u0103 prin decizia penal\u0103 nr. 717\/2014 a \u00ceCCJ), \u00een 2013 de Judec\u0103toria Sectorului 1 Bucure\u015fti (sentin\u0163a penal\u0103 nr. 773\/2013, definitiv\u0103 prin decizia penal\u0103 nr. 754\/2014 a CAB).<\/p>\n<p>\u201d\u00cen urma localiz\u0103rii persoanei condamnate \u00een Grecia (Rhodos), la data de 4 noiembrie 2024, autorit\u0103\u0163ile rom\u00e2ne au transmis c\u0103tre autorit\u0103\u0163ile elene mandatul european de arestare \u015fi hot\u0103r\u00e2rile judec\u0103tore\u015fti pronun\u0163ate \u00een cauz\u0103. De asemenea, Administra\u0163ia Na\u0163ional\u0103 a Penitenciarelor (ANP) a furnizat informa\u0163ii privind condi\u0163iile de deten\u0163ie de care ar beneficia \u00een cazul pred\u0103rii sale \u00een Rom\u00e2nia. Instan\u0163a competent\u0103 din Grecia a fost Curtea Dodecanez\u0103 de Apel\u201d, a transmis ministerul Justi\u0163iei.<\/p>","protected":false},"excerpt":{"rendered":"<p>Nati Meir a fost condamnat la o pedeaps\u0103 rezultant\u0103 de 11 ani de \u00eenchisoare pentru&hellip;<\/p>\n","protected":false},"author":0,"featured_media":19431,"comment_status":"open","ping_status":"open","sticky":false,"template":"","format":"standard","meta":{"footnotes":""},"categories":[2],"tags":[],"class_list":["post-19430","post","type-post","status-publish","format-standard","has-post-thumbnail","hentry","category-actual"],"_links":{"self":[{"href":"https:\/\/247stiri.ro\/index.php\/wp-json\/wp\/v2\/posts\/19430","targetHints":{"allow":["GET"]}}],"collection":[{"href":"https:\/\/247stiri.ro\/index.php\/wp-json\/wp\/v2\/posts"}],"about":[{"href":"https:\/\/247stiri.ro\/index.php\/wp-json\/wp\/v2\/types\/post"}],"replies":[{"embeddable":true,"href":"https:\/\/247stiri.ro\/index.php\/wp-json\/wp\/v2\/comments?post=19430"}],"version-history":[{"count":0,"href":"https:\/\/247stiri.ro\/index.php\/wp-json\/wp\/v2\/posts\/19430\/revisions"}],"wp:featuredmedia":[{"embeddable":true,"href":"https:\/\/247stiri.ro\/index.php\/wp-json\/wp\/v2\/media\/19431"}],"wp:attachment":[{"href":"https:\/\/247stiri.ro\/index.php\/wp-json\/wp\/v2\/media?parent=19430"}],"wp:term":[{"taxonomy":"category","embeddable":true,"href":"https:\/\/247stiri.ro\/index.php\/wp-json\/wp\/v2\/categories?post=19430"},{"taxonomy":"post_tag","embeddable":true,"href":"https:\/\/247stiri.ro\/index.php\/wp-json\/wp\/v2\/tags?post=19430"}],"curies":[{"name":"wp","href":"https:\/\/api.w.org\/{rel}","templated":true}]}}