{"id":19436,"date":"2024-12-27T09:45:35","date_gmt":"2024-12-27T09:45:35","guid":{"rendered":"https:\/\/247stiri.ro\/index.php\/2024\/12\/27\/accident-infiorator-pe-dn1-in-sibiu-un-mort-si-doi-raniti-dupa-ce-s-au-rasturnat-cu-masina\/"},"modified":"2024-12-27T09:45:35","modified_gmt":"2024-12-27T09:45:35","slug":"accident-infiorator-pe-dn1-in-sibiu-un-mort-si-doi-raniti-dupa-ce-s-au-rasturnat-cu-masina","status":"publish","type":"post","link":"https:\/\/247stiri.ro\/index.php\/2024\/12\/27\/accident-infiorator-pe-dn1-in-sibiu-un-mort-si-doi-raniti-dupa-ce-s-au-rasturnat-cu-masina\/","title":{"rendered":"Accident \u00eenfior\u0103tor pe DN1, \u00een Sibiu: un mort \u0219i doi r\u0103ni\u021bi, dup\u0103 ce s-au r\u0103sturnat cu ma\u0219ina"},"content":{"rendered":"<p>Potrivit IPJ, la data de 27 decembrie, \u00een jurul orei 01,00, pe DN 1, km 295+100 m, \u00een afara localit\u0103\u0163ii Ve\u015ftem, s-a produs un accident rutier deosebit de grav, soldat cu decesul unei persoane \u015fi r\u0103nirea altor dou\u0103.<\/p>\n<p>&#8221;Din primele cercet\u0103ri efectuate de c\u0103tre poli\u0163i\u015ftii Serviciului Rutier Sibiu s-a stabilit c\u0103, \u00een timp ce conducea un autoturism pe direc\u0163ia Sibiu &#8211; Bra\u015fov, la km 295+100 m, \u00een afara localit\u0103\u0163ii Ve\u015ftem, \u00een apropiere de Hula Bradului, pe un tronson de drum \u00een curb\u0103 la st\u00e2nga, un t\u00e2n\u0103r \u00een v\u00e2rst\u0103 de 27 de ani a pierdut controlul direc\u0163iei de deplasare \u015fi s-a r\u0103sturnat \u00een afara carosabilului. Din p\u0103cate, \u00een urma evenimentului, pasagerul dreapta fa\u0163\u0103, \u00een v\u00e2rst\u0103 de 28 de ani, care a fost proiectat \u00een afara autoturismului, a decedat la spital din cauza r\u0103nilor suferite. De asemenea, conduc\u0103torul auto \u015fi un alt pasager, de 30 de ani, au suferit v\u0103t\u0103m\u0103ri corporale \u015fi au fost transporta\u0163i la spital con\u015ftien\u0163i&#8221;, a precizat Elena Welter.<\/p>\n<p>Conduc\u0103torul auto a fost testat cu aparatele din dotare, rezultatele fiind negative.<\/p>\n<p>Cercet\u0103rile sunt continuate \u00een cadrul unui dosar penal care vizeaz\u0103 s\u0103v\u00e2r\u015firea infrac\u0163iunilor de ucidere din culp\u0103, respectiv v\u0103t\u0103mare corporal\u0103 din culp\u0103, a ar\u0103tat Elena Welter.<\/p>\n<p>Cei doi b\u0103rba\u0163i r\u0103ni\u0163i, cu v\u00e2rste de 27 \u015fi 30 de ani, au suferit traumatisme cranio-faciale \u015fi toracice, fiind transporta\u0163i de ambulan\u0163e la Spitalul Clinic Jude\u0163ean de Urgen\u0163\u0103 din Sibiu, potrivit Inspectoratului pentru Situa\u0163ii de Urgen\u0163\u0103.\u00a0<\/p>\n<p>\u00a0<\/p>","protected":false},"excerpt":{"rendered":"<p>Potrivit IPJ, la data de 27 decembrie, \u00een jurul orei 01,00, pe DN 1, km&hellip;<\/p>\n","protected":false},"author":0,"featured_media":19437,"comment_status":"open","ping_status":"open","sticky":false,"template":"","format":"standard","meta":{"footnotes":""},"categories":[2],"tags":[],"class_list":["post-19436","post","type-post","status-publish","format-standard","has-post-thumbnail","hentry","category-actual"],"_links":{"self":[{"href":"https:\/\/247stiri.ro\/index.php\/wp-json\/wp\/v2\/posts\/19436","targetHints":{"allow":["GET"]}}],"collection":[{"href":"https:\/\/247stiri.ro\/index.php\/wp-json\/wp\/v2\/posts"}],"about":[{"href":"https:\/\/247stiri.ro\/index.php\/wp-json\/wp\/v2\/types\/post"}],"replies":[{"embeddable":true,"href":"https:\/\/247stiri.ro\/index.php\/wp-json\/wp\/v2\/comments?post=19436"}],"version-history":[{"count":0,"href":"https:\/\/247stiri.ro\/index.php\/wp-json\/wp\/v2\/posts\/19436\/revisions"}],"wp:featuredmedia":[{"embeddable":true,"href":"https:\/\/247stiri.ro\/index.php\/wp-json\/wp\/v2\/media\/19437"}],"wp:attachment":[{"href":"https:\/\/247stiri.ro\/index.php\/wp-json\/wp\/v2\/media?parent=19436"}],"wp:term":[{"taxonomy":"category","embeddable":true,"href":"https:\/\/247stiri.ro\/index.php\/wp-json\/wp\/v2\/categories?post=19436"},{"taxonomy":"post_tag","embeddable":true,"href":"https:\/\/247stiri.ro\/index.php\/wp-json\/wp\/v2\/tags?post=19436"}],"curies":[{"name":"wp","href":"https:\/\/api.w.org\/{rel}","templated":true}]}}