{"id":19438,"date":"2024-12-27T09:45:36","date_gmt":"2024-12-27T09:45:36","guid":{"rendered":"https:\/\/247stiri.ro\/index.php\/2024\/12\/27\/cu-cat-se-majoreaza-de-fapt-alocatiile-copiilor-de-la-1-ianuarie-ultimele-calcule\/"},"modified":"2024-12-27T09:45:36","modified_gmt":"2024-12-27T09:45:36","slug":"cu-cat-se-majoreaza-de-fapt-alocatiile-copiilor-de-la-1-ianuarie-ultimele-calcule","status":"publish","type":"post","link":"https:\/\/247stiri.ro\/index.php\/2024\/12\/27\/cu-cat-se-majoreaza-de-fapt-alocatiile-copiilor-de-la-1-ianuarie-ultimele-calcule\/","title":{"rendered":"Cu c\u00e2t se majoreaz\u0103, de fapt, aloca\u021biile copiilor, de la 1 ianuarie? Ultimele calcule"},"content":{"rendered":"<p>Copiii vor primi aloca\u021bii mai mari de anul viitor. \u00cencep\u00e2nd cu luna ianuarie, micu\u021bii sub 2 ani sau cu dizabilit\u0103\u021bi vor primi 794 de lei, fa\u021b\u0103 de 719 lei, iar cei de peste 3 ani vor beneficia de 323 de lei, cre\u0219tere de la 292 de lei.\u00a0<\/p>\n<p>Aceste major\u0103ri se acord\u0103 \u0219i tinerilor care frecventeaz\u0103 licee \u0219i \u0219coli profesionale. Conform datelor Agen\u021biei Na\u021bionale pentru Pl\u0103\u021bi \u0219i Inspec\u021bie Social\u0103, \u00een luna august a acestui an, peste 3,4 milioane de copii beneficiau deja de aceste aloca\u021bii.<\/p>\n<p><a title=\"AVERTISMENT: venituri inghetate si inflatie mare, din 2025. De cati bani are nevoie statul pentru pensii\" href=\"https:\/\/www.realitatea.net\/stiri\/actual\/avertisment-venituri-inghetate-si-inflatie-mare-din-2025-de-cati-bani-are-nevoie-statul-pentru-pensii_676e3ec7cf3e5068d33a91ba\">AVERTISMENT: venituri \u00eenghe\u021bate \u0219i infla\u021bie mare, din 2025. De c\u00e2\u021bi bani are nevoie statul pentru pensii<\/a><\/p>\n<p>Ministerul Muncii a subliniat c\u0103 acest pas face parte dintr-o serie de m\u0103suri de sprijin pentru familiile aflate \u00een dificultate economic\u0103, iar fondurile necesare provin din bugetul Ministerului Muncii \u0219i Solidarit\u0103\u021bii Sociale.<\/p>\n<p><a title=\"Suspans cu ordonanta TRENULET care ar urma sa inghete pensiile si salariile. Cand ar urma Guvernul sa ia masura?\" href=\"https:\/\/www.realitatea.net\/stiri\/actual\/suspans-cu-ordonanta-trenulet-care-ar-urma-sa-inghete-pensiile-si-salariile-cand-va-avea-loc-sedint-a-guvern_676e4a3c23048831bd5d97e3\">Suspans cu ordonan\u021ba TRENULE\u021a care ar urma s\u0103 \u00eenghe\u021be pensiile \u0219i salariile. C\u00e2nd ar urma<\/a><\/p>","protected":false},"excerpt":{"rendered":"<p>Copiii vor primi aloca\u021bii mai mari de anul viitor. \u00cencep\u00e2nd cu luna ianuarie, micu\u021bii sub&hellip;<\/p>\n","protected":false},"author":0,"featured_media":19439,"comment_status":"open","ping_status":"open","sticky":false,"template":"","format":"standard","meta":{"footnotes":""},"categories":[2],"tags":[],"class_list":["post-19438","post","type-post","status-publish","format-standard","has-post-thumbnail","hentry","category-actual"],"_links":{"self":[{"href":"https:\/\/247stiri.ro\/index.php\/wp-json\/wp\/v2\/posts\/19438","targetHints":{"allow":["GET"]}}],"collection":[{"href":"https:\/\/247stiri.ro\/index.php\/wp-json\/wp\/v2\/posts"}],"about":[{"href":"https:\/\/247stiri.ro\/index.php\/wp-json\/wp\/v2\/types\/post"}],"replies":[{"embeddable":true,"href":"https:\/\/247stiri.ro\/index.php\/wp-json\/wp\/v2\/comments?post=19438"}],"version-history":[{"count":0,"href":"https:\/\/247stiri.ro\/index.php\/wp-json\/wp\/v2\/posts\/19438\/revisions"}],"wp:featuredmedia":[{"embeddable":true,"href":"https:\/\/247stiri.ro\/index.php\/wp-json\/wp\/v2\/media\/19439"}],"wp:attachment":[{"href":"https:\/\/247stiri.ro\/index.php\/wp-json\/wp\/v2\/media?parent=19438"}],"wp:term":[{"taxonomy":"category","embeddable":true,"href":"https:\/\/247stiri.ro\/index.php\/wp-json\/wp\/v2\/categories?post=19438"},{"taxonomy":"post_tag","embeddable":true,"href":"https:\/\/247stiri.ro\/index.php\/wp-json\/wp\/v2\/tags?post=19438"}],"curies":[{"name":"wp","href":"https:\/\/api.w.org\/{rel}","templated":true}]}}