{"id":19462,"date":"2024-12-27T10:45:49","date_gmt":"2024-12-27T10:45:49","guid":{"rendered":"https:\/\/247stiri.ro\/index.php\/2024\/12\/27\/presa-straina-da-de-pamant-cu-presedintele-romaniei-un-rege-lenes-sfarsitul-jalnic-al-lui-klaus-iohannis\/"},"modified":"2024-12-27T10:45:49","modified_gmt":"2024-12-27T10:45:49","slug":"presa-straina-da-de-pamant-cu-presedintele-romaniei-un-rege-lenes-sfarsitul-jalnic-al-lui-klaus-iohannis","status":"publish","type":"post","link":"https:\/\/247stiri.ro\/index.php\/2024\/12\/27\/presa-straina-da-de-pamant-cu-presedintele-romaniei-un-rege-lenes-sfarsitul-jalnic-al-lui-klaus-iohannis\/","title":{"rendered":"Presa str\u0103in\u0103 d\u0103 de p\u0103m\u00e2nt cu pre\u0219edintele Rom\u00e2niei: un \u201erege lene\u0219\u201d. Sf\u00e2r\u0219itul jalnic al lui Klaus Iohannis"},"content":{"rendered":"<p>Ba mai mult, jurnali\u0219tii de la publica\u021bia str\u0103in\u0103 \u00eei atrag aten\u021bia pre\u0219edintelui nelegitim al Rom\u00e2niei c\u0103 petrece mai mult timp \u00een deplas\u0103ri foarte scumpe \u00een str\u0103in\u0103tate dec\u00e2t \u00een biroul preziden\u021bial.<\/p>\n<p>De asemenea, celebra publica\u021bie francez\u0103 mai scrie c\u0103 pre\u0219edintele este responsabil pentru criza politic\u0103 din Rom\u00e2nia. \u00cen articol apare \u0219i o poz\u0103 cu zidul Palatului de la Cotroceni pe care rom\u00e2nii au scris \u201eTr\u0103d\u0103torule, pleac\u0103!\u201d.<\/p>\n<p>\u0218colile publice au \u00eenregistrat cel mai mare declin la toate testele \u0219i analizele interna\u021bionale \u00een timpul mandatului, mai scriu jurnali\u0219tii.\u00a0<\/p>\n<p><a href=\"https:\/\/www.realitatea.net\/stiri\/actual\/10-ani-de-iohannis-mandatul-faraonului-golf-schi-avioane-private-case-masini-de-ce-nu-pleaca-de-la-cotroceni_676e35de0bf8451b296cdde6\" target=\"_blank\">10 ani de Iohannis. Mandatul faraonului: golf, schi, avioane private, case, ma\u0219ini. De ce nu pleac\u0103 de la Cotroceni?<\/a><\/p>","protected":false},"excerpt":{"rendered":"<p>Ba mai mult, jurnali\u0219tii de la publica\u021bia str\u0103in\u0103 \u00eei atrag aten\u021bia pre\u0219edintelui nelegitim al Rom\u00e2niei&hellip;<\/p>\n","protected":false},"author":0,"featured_media":19452,"comment_status":"open","ping_status":"open","sticky":false,"template":"","format":"standard","meta":{"footnotes":""},"categories":[2],"tags":[],"class_list":["post-19462","post","type-post","status-publish","format-standard","has-post-thumbnail","hentry","category-actual"],"_links":{"self":[{"href":"https:\/\/247stiri.ro\/index.php\/wp-json\/wp\/v2\/posts\/19462","targetHints":{"allow":["GET"]}}],"collection":[{"href":"https:\/\/247stiri.ro\/index.php\/wp-json\/wp\/v2\/posts"}],"about":[{"href":"https:\/\/247stiri.ro\/index.php\/wp-json\/wp\/v2\/types\/post"}],"replies":[{"embeddable":true,"href":"https:\/\/247stiri.ro\/index.php\/wp-json\/wp\/v2\/comments?post=19462"}],"version-history":[{"count":0,"href":"https:\/\/247stiri.ro\/index.php\/wp-json\/wp\/v2\/posts\/19462\/revisions"}],"wp:featuredmedia":[{"embeddable":true,"href":"https:\/\/247stiri.ro\/index.php\/wp-json\/wp\/v2\/media\/19452"}],"wp:attachment":[{"href":"https:\/\/247stiri.ro\/index.php\/wp-json\/wp\/v2\/media?parent=19462"}],"wp:term":[{"taxonomy":"category","embeddable":true,"href":"https:\/\/247stiri.ro\/index.php\/wp-json\/wp\/v2\/categories?post=19462"},{"taxonomy":"post_tag","embeddable":true,"href":"https:\/\/247stiri.ro\/index.php\/wp-json\/wp\/v2\/tags?post=19462"}],"curies":[{"name":"wp","href":"https:\/\/api.w.org\/{rel}","templated":true}]}}