{"id":19490,"date":"2024-12-27T11:45:03","date_gmt":"2024-12-27T11:45:03","guid":{"rendered":"https:\/\/247stiri.ro\/index.php\/2024\/12\/27\/oficial-parlamentul-germaniei-a-fost-dizolvat-alegeri-anticipate-cu-sapte-luni-mai-devreme\/"},"modified":"2024-12-27T11:45:03","modified_gmt":"2024-12-27T11:45:03","slug":"oficial-parlamentul-germaniei-a-fost-dizolvat-alegeri-anticipate-cu-sapte-luni-mai-devreme","status":"publish","type":"post","link":"https:\/\/247stiri.ro\/index.php\/2024\/12\/27\/oficial-parlamentul-germaniei-a-fost-dizolvat-alegeri-anticipate-cu-sapte-luni-mai-devreme\/","title":{"rendered":"Oficial: Parlamentul Germaniei a fost dizolvat! Alegeri anticipate cu \u0219apte luni mai devreme"},"content":{"rendered":"<p>Aceast\u0103 m\u0103sur\u0103 a fost declan\u0219at\u0103 de cancelarul Olaf Scholz, lider al Partidului Social-Democrat (SPD), care a pus cap\u0103t coali\u021biei tripartite de guvernare cu Verzii \u0219i Democra\u021bii Liberi (FDP). Disputa central\u0103 a fost legat\u0103 de politica de \u00eemprumuturi guvernamentale, care a culminat cu demiterea ministrului de finan\u021be, Christian Lindner, lider al FDP.<\/p>\n<p>Aceast\u0103 situa\u021bie plaseaz\u0103 SPD \u00eentr-o pozi\u021bie dificil\u0103, partidul \u00eencerc\u00e2nd s\u0103 reduc\u0103 diferen\u021ba fa\u021b\u0103 de conservatorii CDU\/CSU, care, conform sondajelor, sunt favori\u021bi s\u0103 c\u00e2\u0219tige alegerile. Conservatorii, sub conducerea Friedrich Merz, ar putea beneficia de nemul\u021bumirea publicului fa\u021b\u0103 de instabilitatea politic\u0103 recent\u0103.<\/p>\n<p>Alegerile anticipate au fost convocate cu \u0219apte luni \u00eenainte de termenul normal, marc\u00e2nd un moment de r\u0103scruce pentru Germania, cea mai mare economie a Europei.\u00a0<\/p>\n<p><a href=\"https:\/\/www.realitatea.net\/stiri\/actual\/germania-in-alerta-nemtii-se-tem-ca-rusii-pot-influenta-alegerile-federale-din-februarie-2025_674a0d6bc5ea7537b15bb32f\" target=\"_blank\">Germania, \u00een alert\u0103! Nem\u021bii se tem c\u0103 ru\u0219ii pot influen\u021ba alegerile federale din februarie 2025<\/a><\/p>","protected":false},"excerpt":{"rendered":"<p>Aceast\u0103 m\u0103sur\u0103 a fost declan\u0219at\u0103 de cancelarul Olaf Scholz, lider al Partidului Social-Democrat (SPD), care&hellip;<\/p>\n","protected":false},"author":0,"featured_media":19478,"comment_status":"open","ping_status":"open","sticky":false,"template":"","format":"standard","meta":{"footnotes":""},"categories":[2],"tags":[],"class_list":["post-19490","post","type-post","status-publish","format-standard","has-post-thumbnail","hentry","category-actual"],"_links":{"self":[{"href":"https:\/\/247stiri.ro\/index.php\/wp-json\/wp\/v2\/posts\/19490","targetHints":{"allow":["GET"]}}],"collection":[{"href":"https:\/\/247stiri.ro\/index.php\/wp-json\/wp\/v2\/posts"}],"about":[{"href":"https:\/\/247stiri.ro\/index.php\/wp-json\/wp\/v2\/types\/post"}],"replies":[{"embeddable":true,"href":"https:\/\/247stiri.ro\/index.php\/wp-json\/wp\/v2\/comments?post=19490"}],"version-history":[{"count":0,"href":"https:\/\/247stiri.ro\/index.php\/wp-json\/wp\/v2\/posts\/19490\/revisions"}],"wp:featuredmedia":[{"embeddable":true,"href":"https:\/\/247stiri.ro\/index.php\/wp-json\/wp\/v2\/media\/19478"}],"wp:attachment":[{"href":"https:\/\/247stiri.ro\/index.php\/wp-json\/wp\/v2\/media?parent=19490"}],"wp:term":[{"taxonomy":"category","embeddable":true,"href":"https:\/\/247stiri.ro\/index.php\/wp-json\/wp\/v2\/categories?post=19490"},{"taxonomy":"post_tag","embeddable":true,"href":"https:\/\/247stiri.ro\/index.php\/wp-json\/wp\/v2\/tags?post=19490"}],"curies":[{"name":"wp","href":"https:\/\/api.w.org\/{rel}","templated":true}]}}