{"id":19525,"date":"2024-12-27T14:45:16","date_gmt":"2024-12-27T14:45:16","guid":{"rendered":"https:\/\/247stiri.ro\/index.php\/2024\/12\/27\/accident-grav-in-mures-o-femeie-se-afla-in-stare-grava-dupa-ce-a-fost-calcata-de-o-masina-neasigurata-lasata-pe-o-strada-in-panta\/"},"modified":"2024-12-27T14:45:16","modified_gmt":"2024-12-27T14:45:16","slug":"accident-grav-in-mures-o-femeie-se-afla-in-stare-grava-dupa-ce-a-fost-calcata-de-o-masina-neasigurata-lasata-pe-o-strada-in-panta","status":"publish","type":"post","link":"https:\/\/247stiri.ro\/index.php\/2024\/12\/27\/accident-grav-in-mures-o-femeie-se-afla-in-stare-grava-dupa-ce-a-fost-calcata-de-o-masina-neasigurata-lasata-pe-o-strada-in-panta\/","title":{"rendered":"Accident grav \u00een Mure\u0219. O femeie se afl\u0103 \u00een stare grav\u0103, dup\u0103 ce a fost c\u0103lcat\u0103 de o ma\u0219in\u0103 neasigurat\u0103 l\u0103sat\u0103 pe o strad\u0103 \u00een pant\u0103"},"content":{"rendered":"<p>Incidentul a avut loc \u00een diminea\u0163a de 27 decembrie pe strada M\u0103ce\u015fului, din municipiul Reghin.<\/p>\n<p>\u201eDin primele verific\u0103ri, a reie\u015fit c\u0103 o femeie de 71 de ani, ar fi fost surprins\u0103 \u015fi accidentat\u0103 de un autoturism care s-ar fi pus \u00een mi\u015fcare, pe un segment de drum \u00een pant\u0103, \u00een timp ce proprietarul acestuia ar fi \u00eencercat s\u0103 remedieze o defec\u0163iune tehnic\u0103 a autovehiculului. \u00cen momentul producerii evenimentului, la volanul autovehiculului nu se afla nicio persoan\u0103\u201d, sunt primele constat\u0103ri ale poli\u0163i\u015ftilor care au f\u0103cut cercetarea la fa\u0163a locului.<\/p>\n<p>Paramedicii \u015fi pompierii care au intervenit la locul evenimentului rutier au constatat c\u0103 femeia era prins\u0103 sub autoturism. Ea a fost scoas\u0103, fiind \u00een stop cardio-respirator. Echipajul medical a reu\u015fit resuscitarea \u015fi a dus-o la spital.<\/p>\n<p>\u00cen urma evenimentului, poli\u0163i\u015ftii fac cercet\u0103ri \u00een cadrul unui dosar penal care vizeaz\u0103 infrac\u0163iunea de v\u0103t\u0103mare corporal\u0103 din culp\u0103.<\/p>","protected":false},"excerpt":{"rendered":"<p>Incidentul a avut loc \u00een diminea\u0163a de 27 decembrie pe strada M\u0103ce\u015fului, din municipiul Reghin.&hellip;<\/p>\n","protected":false},"author":0,"featured_media":19526,"comment_status":"open","ping_status":"open","sticky":false,"template":"","format":"standard","meta":{"footnotes":""},"categories":[2],"tags":[],"class_list":["post-19525","post","type-post","status-publish","format-standard","has-post-thumbnail","hentry","category-actual"],"_links":{"self":[{"href":"https:\/\/247stiri.ro\/index.php\/wp-json\/wp\/v2\/posts\/19525","targetHints":{"allow":["GET"]}}],"collection":[{"href":"https:\/\/247stiri.ro\/index.php\/wp-json\/wp\/v2\/posts"}],"about":[{"href":"https:\/\/247stiri.ro\/index.php\/wp-json\/wp\/v2\/types\/post"}],"replies":[{"embeddable":true,"href":"https:\/\/247stiri.ro\/index.php\/wp-json\/wp\/v2\/comments?post=19525"}],"version-history":[{"count":0,"href":"https:\/\/247stiri.ro\/index.php\/wp-json\/wp\/v2\/posts\/19525\/revisions"}],"wp:featuredmedia":[{"embeddable":true,"href":"https:\/\/247stiri.ro\/index.php\/wp-json\/wp\/v2\/media\/19526"}],"wp:attachment":[{"href":"https:\/\/247stiri.ro\/index.php\/wp-json\/wp\/v2\/media?parent=19525"}],"wp:term":[{"taxonomy":"category","embeddable":true,"href":"https:\/\/247stiri.ro\/index.php\/wp-json\/wp\/v2\/categories?post=19525"},{"taxonomy":"post_tag","embeddable":true,"href":"https:\/\/247stiri.ro\/index.php\/wp-json\/wp\/v2\/tags?post=19525"}],"curies":[{"name":"wp","href":"https:\/\/api.w.org\/{rel}","templated":true}]}}