{"id":19554,"date":"2024-12-27T16:45:04","date_gmt":"2024-12-27T16:45:04","guid":{"rendered":"https:\/\/247stiri.ro\/index.php\/2024\/12\/27\/daniel-david-numit-ministru-al-educatiei-anunta-ca-s-a-suspendat-din-functia-de-rector-al-universitatii-babes-bolyai\/"},"modified":"2024-12-27T16:45:04","modified_gmt":"2024-12-27T16:45:04","slug":"daniel-david-numit-ministru-al-educatiei-anunta-ca-s-a-suspendat-din-functia-de-rector-al-universitatii-babes-bolyai","status":"publish","type":"post","link":"https:\/\/247stiri.ro\/index.php\/2024\/12\/27\/daniel-david-numit-ministru-al-educatiei-anunta-ca-s-a-suspendat-din-functia-de-rector-al-universitatii-babes-bolyai\/","title":{"rendered":"Daniel David, numit ministru al educa\u021biei, anun\u021b\u0103 c\u0103 s-a suspendat din func\u021bia de rector al Universit\u0103\u021bii Babe\u0219-Bolyai"},"content":{"rendered":"<p>\u201eA\u015fa cum deja \u015fti\u0163i, am preluat portofoliul Ministerului Educa\u0163iei \u015fi Cercet\u0103rii. Am f\u0103cut asta pentru a ajuta Rom\u00e2nia euroatlantic\u0103 s\u0103 fac\u0103 fa\u0163\u0103 unui demers bizar, izola\u0163ionist, anti\u015ftiin\u0163\u0103 \u015fi cu elemente de pseudoreligie. Situa\u0163ia este at\u00e2t de grav\u0103, \u00eenc\u00e2t, dincolo de \u00eendoieli \u015fi nemul\u0163umiri, nimeni care poate contribui cu ceva nu poate refuza s\u0103 ajute. Iar antidotul principal la acest demers \u00eempotriva Rom\u00e2niei euroatlantice este reprezentat de educa\u0163ie \u015fi \u015ftiin\u0163\u0103 (cercetare)\u201d, a scris Daniel David pe Facebook.<\/p>\n<p>Ministrul anun\u0163\u0103 c\u0103, \u00een conformitate cu cerin\u0163ele legii, s-a suspendat din pozi\u0163ia de rector al Universit\u0103\u0163ii, iar \u00eencep\u00e2nd cu data de 30 decembrie 2024, la propunerea Consiliului de Administra\u0163ie \u015fi cu condi\u0163ia aprob\u0103rii acesteia de Senatul UBB, interimatul va fi asigurat de prorectorul UBB pentru cercetare-dezvoltare-inovare \u015fi rela\u0163ia cu doctoratele, prof. univ. dr. Adrian Petru\u015fel.<\/p>\n<p>\u201dAm \u00eencredere c\u0103 Universitatea noastr\u0103 este o institu\u0163ie deja bine a\u015fezat\u0103 institu\u0163ional, care nu va fi afectat\u0103 major de aceast\u0103 situa\u0163ie, iar rectorul interimar este o personalitate academic\u0103 (\u00eentre primii 2% cei mai cita\u0163i oameni de \u015ftiin\u0163\u0103 ai lumii \u00een domeniul s\u0103u de specialitate), cu mult\u0103 experien\u0163\u0103 administrativ\u0103 (ca fost decan pentru mai multe mandate \u015fi prorector), care va continua implementarea Programului \u201eUBB Q-Optimum\u201d (2024-2029): UBB \u2013 Universitate european\u0103 de clas\u0103 mondial\u0103 (world-class), demers \u00eenceput \u00een luna martie 2024 de \u00eentreaga echip\u0103 a rectoratului \u015fi asumat de comunitatea noastr\u0103\u201d, a spus David.<\/p>\n<p>\u201dLa \u00eencheierea mandatului de ministru \u2013 mai scurt sau mai lung \u2013 voi fi onorat s\u0103 reiau pozi\u0163ia de rector \u00een func\u0163ie al Universit\u0103\u0163ii noastre.V\u0103 urez \u00een continuare S\u0103rb\u0103tori Fericite!\u201d mai transmite Daniel David.<\/p>","protected":false},"excerpt":{"rendered":"<p>\u201eA\u015fa cum deja \u015fti\u0163i, am preluat portofoliul Ministerului Educa\u0163iei \u015fi Cercet\u0103rii. Am f\u0103cut asta pentru&hellip;<\/p>\n","protected":false},"author":0,"featured_media":19551,"comment_status":"open","ping_status":"open","sticky":false,"template":"","format":"standard","meta":{"footnotes":""},"categories":[2],"tags":[],"class_list":["post-19554","post","type-post","status-publish","format-standard","has-post-thumbnail","hentry","category-actual"],"_links":{"self":[{"href":"https:\/\/247stiri.ro\/index.php\/wp-json\/wp\/v2\/posts\/19554","targetHints":{"allow":["GET"]}}],"collection":[{"href":"https:\/\/247stiri.ro\/index.php\/wp-json\/wp\/v2\/posts"}],"about":[{"href":"https:\/\/247stiri.ro\/index.php\/wp-json\/wp\/v2\/types\/post"}],"replies":[{"embeddable":true,"href":"https:\/\/247stiri.ro\/index.php\/wp-json\/wp\/v2\/comments?post=19554"}],"version-history":[{"count":0,"href":"https:\/\/247stiri.ro\/index.php\/wp-json\/wp\/v2\/posts\/19554\/revisions"}],"wp:featuredmedia":[{"embeddable":true,"href":"https:\/\/247stiri.ro\/index.php\/wp-json\/wp\/v2\/media\/19551"}],"wp:attachment":[{"href":"https:\/\/247stiri.ro\/index.php\/wp-json\/wp\/v2\/media?parent=19554"}],"wp:term":[{"taxonomy":"category","embeddable":true,"href":"https:\/\/247stiri.ro\/index.php\/wp-json\/wp\/v2\/categories?post=19554"},{"taxonomy":"post_tag","embeddable":true,"href":"https:\/\/247stiri.ro\/index.php\/wp-json\/wp\/v2\/tags?post=19554"}],"curies":[{"name":"wp","href":"https:\/\/api.w.org\/{rel}","templated":true}]}}