{"id":19569,"date":"2024-12-27T17:45:21","date_gmt":"2024-12-27T17:45:21","guid":{"rendered":"https:\/\/247stiri.ro\/index.php\/2024\/12\/27\/topul-celor-mai-controversate-decizii-luate-de-ccr-miza-eliminarii-candidatilor-precedentul-socant\/"},"modified":"2024-12-27T17:45:21","modified_gmt":"2024-12-27T17:45:21","slug":"topul-celor-mai-controversate-decizii-luate-de-ccr-miza-eliminarii-candidatilor-precedentul-socant","status":"publish","type":"post","link":"https:\/\/247stiri.ro\/index.php\/2024\/12\/27\/topul-celor-mai-controversate-decizii-luate-de-ccr-miza-eliminarii-candidatilor-precedentul-socant\/","title":{"rendered":"Topul celor mai controversate DECIZII luate de CCR. Miza elimin\u0103rii candida\u021bilor: precedentul \u0219ocant"},"content":{"rendered":"<p>Dup\u0103 suspendarea din 2007 a lui Traian B\u0103sescu, o a doua suspendare a pre\u0219edintelui de atunci avea s\u0103 fie votat\u0103 de Parlamentul Rom\u00e2niei pe 6 iulie 2012, la ini\u021biativa coali\u021biei USL. Atunci, Traian B\u0103sescu era acuzat c\u0103 a f\u0103cut presiuni pe judec\u0103torii CCR, tocmai pentru a nu fi dat jos din v\u00e2rful statului. Dup\u0103 4 zile, CCR a schimbat regulile privind validarea referendumului.<\/p>\n<p>&#8222;Cred ca o astfel de limita ar putea fi stabilita 50 la suta plus 1 numai daca in Romania ar fi votul obligatoriu&#8221;, declara Traian Basescu in 2012.<\/p>\n<p>\u00cen cele din urm\u0103, pragul electoral nu a trecut, iar Traian B\u0103sescu s-a \u00eentors la Palatul Cotroceni.<\/p>\n<p>&#8222;Am cerut electoratului meu sa nu particepe la vot. Bine ati facut&#8221;, mai spunea fostul presedinte, tot in 2012.<\/p>\n<p>&#8222;Eu v-am spus ca ce mi se intampla mie e o poveste de destin, luati-o ca atare. Deci eu vreau sa fiu retinuta, sa port iar catuse. Daca e circ, sa fie pana la capat&#8221;, afirma Elena Udrea in 2015.<\/p>\n<p>\u00cen noiembrie 2018, CCR a declarat completele de 5 judec\u0103tori ca fiind constituite ilegal. Decizia a vizat hot\u0103r\u00e2rile judec\u0103tore\u0219ti definitive \u00eencep\u00e2nd din 2014, iar acest lucru a declan\u0219at un val de contest\u0103ri \u00een anulare \u0219i mai mul\u021bi condamna\u021bi definitiv, precum Elena Udrea, Dan \u0218ova, Alina Bica, Rudel Obreja au ie\u0219it din pu\u0219c\u0103rii.<\/p>\n<p>\u00cen 2020, Valeriu Zgonea, fost pre\u0219edinte PSD al Camerei Deputa\u021bilor, profita din plin de o decizie controversat\u0103 luat\u0103 de CCR. Mai exact, judec\u0103torii de la Curtea Constitu\u021bional\u0103 au decis c\u0103 intercept\u0103rile f\u0103cute de servicii s\u0103 nu reprezinte probe \u00een instan\u021b\u0103. Astfel c\u0103, dup\u0103 ce fusese condamnat \u00een prim\u0103 instan\u021b\u0103 la 3 ani de \u00eenchisoare cu executare pentru trafic de influen\u0163\u0103, Valeriu Zgonea a fost achitat de Curtea de Apel care a exclus toate probele DNA din dosar.<\/p>\n<p>De altfel, judec\u0103torii Cur\u021bii Constitu\u021bionale au \u0219ocat opinia public\u0103 \u0219i dup\u0103 ce au decis ca ale\u0219ii s\u0103 primeasc\u0103 \u00een continuare pensii speciale. Asta, dup\u0103 ce decizia de eliminare a acestor beneficii a trecut de Parlament. Propunerile ulterioare de a elimina pensiile speciale sau de a le supraimpozita s-au lovit, de asemenea, de Curtea Constitu\u021bional\u0103.<\/p>\n<p>Anul acesta, mai exact pe 5 octombrie, CCR a hot\u0103r\u00e2t s\u0103 o scoat\u0103 din b\u0103t\u0103lia pentru Cotroceni pe Diana \u0218o\u0219oac\u0103, \u0219efa partidului S.O.S. Rom\u00e2nia. Motivele invocate de CCR se refereau la afirma\u021biile anti-UE \u0219i anti-NATO f\u0103cute de Diana \u0218o\u0219oac\u0103 de-a lungul timpului.<\/p>\n<p>Bomba r\u0103m\u00e2ne, \u00eens\u0103, anularea alegerilor preziden\u021biale dup\u0103 ce C\u0103lin Georgescu a ob\u021binut un scor zdrobitor \u0219i nea\u0219teptat. Decizia a fost luat\u0103 de CCR dup\u0103 ce, \u00een \u0219edin\u021ba CSAT, s-a stabilit c\u0103 a fost finan\u021bat\u0103 campania electoral\u0103 a lui C\u0103lin Georgescu din surse externe iar acesta a declarat \u00een acte oficiale c\u0103 nu a cheltuit niciun ban \u00een acest sens.<\/p>\n<p>&#8222;Libertatea pe care am castigat-o e luata la tinta de armata politica a CCR&#8221;, declara Calin Georgescu.<\/p>\n<p>Curtea Constitu\u021bional\u0103 este cea mai \u00eenalt\u0103 instan\u021b\u0103 din \u021bar\u0103 \u0219i este format\u0103 din 9 judec\u0103tori, numi\u021bi pentru un mandat de 9 ani, care nu poate fi prelungit sau \u00eennoit. Dintre ace\u0219tia, 3 judec\u0103tori sunt numi\u021bi de Camera Deputa\u021bilor, 3 de Senat \u0219i 3 de Pre\u0219edintele Rom\u00e2niei.<\/p>","protected":false},"excerpt":{"rendered":"<p>Dup\u0103 suspendarea din 2007 a lui Traian B\u0103sescu, o a doua suspendare a pre\u0219edintelui de&hellip;<\/p>\n","protected":false},"author":0,"featured_media":19566,"comment_status":"open","ping_status":"open","sticky":false,"template":"","format":"standard","meta":{"footnotes":""},"categories":[2],"tags":[],"class_list":["post-19569","post","type-post","status-publish","format-standard","has-post-thumbnail","hentry","category-actual"],"_links":{"self":[{"href":"https:\/\/247stiri.ro\/index.php\/wp-json\/wp\/v2\/posts\/19569","targetHints":{"allow":["GET"]}}],"collection":[{"href":"https:\/\/247stiri.ro\/index.php\/wp-json\/wp\/v2\/posts"}],"about":[{"href":"https:\/\/247stiri.ro\/index.php\/wp-json\/wp\/v2\/types\/post"}],"replies":[{"embeddable":true,"href":"https:\/\/247stiri.ro\/index.php\/wp-json\/wp\/v2\/comments?post=19569"}],"version-history":[{"count":0,"href":"https:\/\/247stiri.ro\/index.php\/wp-json\/wp\/v2\/posts\/19569\/revisions"}],"wp:featuredmedia":[{"embeddable":true,"href":"https:\/\/247stiri.ro\/index.php\/wp-json\/wp\/v2\/media\/19566"}],"wp:attachment":[{"href":"https:\/\/247stiri.ro\/index.php\/wp-json\/wp\/v2\/media?parent=19569"}],"wp:term":[{"taxonomy":"category","embeddable":true,"href":"https:\/\/247stiri.ro\/index.php\/wp-json\/wp\/v2\/categories?post=19569"},{"taxonomy":"post_tag","embeddable":true,"href":"https:\/\/247stiri.ro\/index.php\/wp-json\/wp\/v2\/tags?post=19569"}],"curies":[{"name":"wp","href":"https:\/\/api.w.org\/{rel}","templated":true}]}}