{"id":19573,"date":"2024-12-27T17:45:22","date_gmt":"2024-12-27T17:45:22","guid":{"rendered":"https:\/\/247stiri.ro\/index.php\/2024\/12\/27\/premierul-britanic-keir-starmer-devastat-dupa-ce-si-a-pierdut-fratele-in-a-doua-zi-de-craciun-ne-va-lipsi-foarte-mult\/"},"modified":"2024-12-27T17:45:22","modified_gmt":"2024-12-27T17:45:22","slug":"premierul-britanic-keir-starmer-devastat-dupa-ce-si-a-pierdut-fratele-in-a-doua-zi-de-craciun-ne-va-lipsi-foarte-mult","status":"publish","type":"post","link":"https:\/\/247stiri.ro\/index.php\/2024\/12\/27\/premierul-britanic-keir-starmer-devastat-dupa-ce-si-a-pierdut-fratele-in-a-doua-zi-de-craciun-ne-va-lipsi-foarte-mult\/","title":{"rendered":"Premierul britanic Keir Starmer, devastat dup\u0103 ce \u0219i-a pierdut fratele \u00een a doua zi de Cr\u0103ciun: &#8222;Ne va lipsi foarte mult&#8221;"},"content":{"rendered":"<p>\u201eCu mare triste\u0163e c\u0103 anun\u0163\u0103m decesul lui Nick Starmer. Nick, \u00een v\u00e2rst\u0103 de 60 de ani, a murit lini\u015ftit \u00een dup\u0103-amiaza zilei de 26 decembrie, dup\u0103 ce s-a luptat cu cancerul. Cerem intimitate pentru familia mai larg\u0103 a lui Nick \u00een acest moment\u201d, a anun\u0163at un purt\u0103tor de cuv\u00e2nt al lui Keir Starmer.<\/p>\n<p>Prim-ministrul a spus c\u0103 fratele s\u0103u a fost un \u201eom minunat\u201d, care \u201ea f\u0103cut fa\u0163\u0103 tuturor provoc\u0103rilor pe care via\u0163a i le-a aruncat, cu curaj \u015fi bun\u0103 dispozi\u0163ie. Ne va lipsi foarte mult\u201d, a transmis Keir Starmer.<\/p>\n<p>\u201eA\u015f dori s\u0103 le mul\u0163umesc tuturor celor care l-au tratat \u015fi au avut grij\u0103 de Nick. Priceperea \u015fi compasiunea lor sunt foarte apreciate\u201d, a mai spus premierul de la Londra.<\/p>\n<p>Prim-ministrul, care ar fi trebuit s\u0103 plece \u00een vacan\u0163\u0103 cu familia sa vineri, va r\u0103m\u00e2ne acas\u0103.<\/p>\n<p>Premierul Keir Starmer, care are 62 e ani, mai are \u00eenc\u0103 doi fra\u0163i, unul mai mare \u015fi unul mai mic.<\/p>","protected":false},"excerpt":{"rendered":"<p>\u201eCu mare triste\u0163e c\u0103 anun\u0163\u0103m decesul lui Nick Starmer. Nick, \u00een v\u00e2rst\u0103 de 60 de&hellip;<\/p>\n","protected":false},"author":0,"featured_media":19562,"comment_status":"open","ping_status":"open","sticky":false,"template":"","format":"standard","meta":{"footnotes":""},"categories":[2],"tags":[],"class_list":["post-19573","post","type-post","status-publish","format-standard","has-post-thumbnail","hentry","category-actual"],"_links":{"self":[{"href":"https:\/\/247stiri.ro\/index.php\/wp-json\/wp\/v2\/posts\/19573","targetHints":{"allow":["GET"]}}],"collection":[{"href":"https:\/\/247stiri.ro\/index.php\/wp-json\/wp\/v2\/posts"}],"about":[{"href":"https:\/\/247stiri.ro\/index.php\/wp-json\/wp\/v2\/types\/post"}],"replies":[{"embeddable":true,"href":"https:\/\/247stiri.ro\/index.php\/wp-json\/wp\/v2\/comments?post=19573"}],"version-history":[{"count":0,"href":"https:\/\/247stiri.ro\/index.php\/wp-json\/wp\/v2\/posts\/19573\/revisions"}],"wp:featuredmedia":[{"embeddable":true,"href":"https:\/\/247stiri.ro\/index.php\/wp-json\/wp\/v2\/media\/19562"}],"wp:attachment":[{"href":"https:\/\/247stiri.ro\/index.php\/wp-json\/wp\/v2\/media?parent=19573"}],"wp:term":[{"taxonomy":"category","embeddable":true,"href":"https:\/\/247stiri.ro\/index.php\/wp-json\/wp\/v2\/categories?post=19573"},{"taxonomy":"post_tag","embeddable":true,"href":"https:\/\/247stiri.ro\/index.php\/wp-json\/wp\/v2\/tags?post=19573"}],"curies":[{"name":"wp","href":"https:\/\/api.w.org\/{rel}","templated":true}]}}