{"id":19576,"date":"2024-12-27T17:45:22","date_gmt":"2024-12-27T17:45:22","guid":{"rendered":"https:\/\/247stiri.ro\/index.php\/2024\/12\/27\/criza-in-sanatate-cadrele-medicale-ameninta-cu-greva-cele-4-principale-nemiltumiri-ale-sindicatelor\/"},"modified":"2024-12-27T17:45:22","modified_gmt":"2024-12-27T17:45:22","slug":"criza-in-sanatate-cadrele-medicale-ameninta-cu-greva-cele-4-principale-nemiltumiri-ale-sindicatelor","status":"publish","type":"post","link":"https:\/\/247stiri.ro\/index.php\/2024\/12\/27\/criza-in-sanatate-cadrele-medicale-ameninta-cu-greva-cele-4-principale-nemiltumiri-ale-sindicatelor\/","title":{"rendered":"Criz\u0103 \u00een s\u0103n\u0103tate. Cadrele medicale amenin\u021b\u0103 cu greva. Cele 4 principale nemil\u021bumiri ale sindicatelor"},"content":{"rendered":"<p>\u201dV\u0103 invit\u0103m s\u0103 v\u0103 imagina\u0163i c\u0103 \u00een aceast\u0103 perioad\u0103 de vacan\u0163\u0103 angaja\u0163ii din s\u0103n\u0103tate nu ar mai asigura continuitatea\u201d, au transmis sindicali\u015ftii.<\/p>\n<p>\u201d\u00cen aten\u0163ia angaja\u0163ilor din s\u0103n\u0103tate:<\/p>\n<p>\u00a0<\/p>\n<p>Pe forma\u00a0<a href=\"https:\/\/solidaritatea-sanitara.ro\/proiectul-oug-privind-blocarea-cresterilor-salariale-si-suspenarea-unor-drepturi\/?fbclid=IwY2xjawHbtR5leHRuA2FlbQIxMAABHYcRTPbpsE7M3WNdQ6pEwAjjpPqIRyq9aRlDMC7g9Tj-ZR18mxtdOTFv9w_aem_jLdTgsWB1D-gVQcIePcrrA\">proiectului de OUG<\/a>\u00a0primit\u0103 oficial, Guvernul \u00eencearc\u0103 s\u0103 introduc\u0103 patru categorii de pierderi care afecteaz\u0103 angaja\u0163ii din s\u0103n\u0103tate:<\/p>\n<p>1. Veniturile salariale nu vor fi actualizate cu infla\u0163ia. Asta \u00eenseamn\u0103, \u00een mod evident, o sc\u0103dere a veniturilor salariale reale (a puterii de cump\u0103rare a veniturilor salariale).<\/p>\n<p>2. Voucherele de vacan\u0163\u0103 nu vor fi acordate \u00een 2025.<\/p>\n<p>3. Blocarea sporurilor; acestea \u00een continuare NU inten\u0163ioneaz\u0103 s\u0103 le raporteze la salariile de baz\u0103 \u00een plat\u0103. (La fel pentru tariful orar al g\u0103rzilor suplimentare.) Aceasta ar fi de departe cea mai mare pierdere pentru angaja\u0163ii din s\u0103n\u0103tate.<\/p>\n<p>4. Compensarea pentru cazul \u00een care nu este acordat liberul corespunz\u0103tor (suplimentar fa\u0163\u0103 de spor) pentru lucrul \u00een zilele de s\u00e2mb\u0103t\u0103, duminic\u0103 \u015fi s\u0103rb\u0103tori legale (compensarea ce ar trebui acordat\u0103 angaja\u0163ilor care lucreaz\u0103 \u00een ture atunci c\u00e2nd num\u0103rul total de libere primite \u00eentr-o lun\u0103 nu este egal cu num\u0103rul de libere existente \u00een acea lun\u0103)\u201d, au transmis, vineri, reprezentan\u0163ii Federa\u0163iei Solidaritatea Sanitar\u0103.<\/p>\n<p>Sindicali\u015ftii anun\u0163\u0103 c\u0103 \u00eencearc\u0103 modificarea acestor prevederi la \u00eent\u00e2lnirea Guvernului cu confedera\u0163iile sindicale de s\u00e2mb\u0103t\u0103.<\/p>\n<p>\u00centr-un mesaj anterior, sindicali\u015ftii au transmis un mesaj Guvernului.<\/p>\n<p>\u201d\u00cen aten\u0163ia Guvernului Rom\u00e2niei: v\u0103 invit\u0103m s\u0103 v\u0103 imagina\u0163i c\u0103 \u00een toat\u0103 aceast\u0103 perioad\u0103 de vacan\u0163\u0103 angaja\u0163ii din s\u0103n\u0103tate nu ar mai asigura continuitatea serviciilor medicale!<\/p>\n<p>De ce ar putea face asta?! R\u0103spunsul este simplu: deoarece prin proiectul de OUG numit \u201eOrdonan\u0163a trenule\u0163ul\u201d inten\u0163iona\u0163i s\u0103-i lipsi\u0163i de recompensa pentru sacrificiul pe care-l fac ei \u015fi familiile lor, fiind prezen\u0163i la serviciu \u00eentr-o perioad\u0103 c\u00e2nd toat\u0103 lumea se afl\u0103 \u00een vacan\u0163\u0103! Adic\u0103, inten\u0163iona\u0163i s\u0103 le lua\u0163i plata suplimentar\u0103 pentru lucrul \u00een zilele nelucr\u0103toare. Nu doar c\u0103 a\u0163i redus continuu nivelul desp\u0103gubirii pentru acest tip de sacrificiu, ce asigur\u0103 continuitatea serviciilor medicale, ci acum inten\u0163iona\u0163i s\u0103 anula\u0163i acest drept\u201d, au transmis sindicali\u015ftii.<\/p>\n<p>Sindicali\u015ftii afirm\u0103 c\u0103, aplic\u00e2nd regula \u201ddup\u0103 r\u0103splat\u0103 \u015fi fapt\u0103 (sau \u201ereac\u0163ion\u0103m \u00een func\u0163ie de cum ne trata\u0163i\u201d), \u00een mod firesc eliminarea acestei forme de recompens\u0103 va atrage dup\u0103 sine sc\u0103derea p\u00e2n\u0103 la dispari\u0163ie a acestui tip de sacrificiul pe care-l fac profesioni\u015ftii din s\u0103n\u0103tate\u201d.<\/p>\n<p>\u201d\u00cen mod evident, dac\u0103 survine o astfel de situa\u0163ie \u015fi majoritatea angaja\u0163ilor din s\u0103n\u0103tate asum\u0103 participarea la grev\u0103, Federa\u0163ia \u201eSolidaritatea Sanitar\u0103\u201d din Rom\u00e2nia va declan\u015fa aceast\u0103 form\u0103 de protest, \u00een discu\u0163ie fiind anularea prin lege a unui drept prev\u0103zut \u00een Contractul colectiv de munc\u0103 la nivel de sector S\u0103n\u0103tate\u201d, a mai transmis sursa citat\u0103.<\/p>\n<p>\u00a0<\/p>","protected":false},"excerpt":{"rendered":"<p>\u201dV\u0103 invit\u0103m s\u0103 v\u0103 imagina\u0163i c\u0103 \u00een aceast\u0103 perioad\u0103 de vacan\u0163\u0103 angaja\u0163ii din s\u0103n\u0103tate nu&hellip;<\/p>\n","protected":false},"author":0,"featured_media":19577,"comment_status":"open","ping_status":"open","sticky":false,"template":"","format":"standard","meta":{"footnotes":""},"categories":[2],"tags":[],"class_list":["post-19576","post","type-post","status-publish","format-standard","has-post-thumbnail","hentry","category-actual"],"_links":{"self":[{"href":"https:\/\/247stiri.ro\/index.php\/wp-json\/wp\/v2\/posts\/19576","targetHints":{"allow":["GET"]}}],"collection":[{"href":"https:\/\/247stiri.ro\/index.php\/wp-json\/wp\/v2\/posts"}],"about":[{"href":"https:\/\/247stiri.ro\/index.php\/wp-json\/wp\/v2\/types\/post"}],"replies":[{"embeddable":true,"href":"https:\/\/247stiri.ro\/index.php\/wp-json\/wp\/v2\/comments?post=19576"}],"version-history":[{"count":0,"href":"https:\/\/247stiri.ro\/index.php\/wp-json\/wp\/v2\/posts\/19576\/revisions"}],"wp:featuredmedia":[{"embeddable":true,"href":"https:\/\/247stiri.ro\/index.php\/wp-json\/wp\/v2\/media\/19577"}],"wp:attachment":[{"href":"https:\/\/247stiri.ro\/index.php\/wp-json\/wp\/v2\/media?parent=19576"}],"wp:term":[{"taxonomy":"category","embeddable":true,"href":"https:\/\/247stiri.ro\/index.php\/wp-json\/wp\/v2\/categories?post=19576"},{"taxonomy":"post_tag","embeddable":true,"href":"https:\/\/247stiri.ro\/index.php\/wp-json\/wp\/v2\/tags?post=19576"}],"curies":[{"name":"wp","href":"https:\/\/api.w.org\/{rel}","templated":true}]}}