{"id":19578,"date":"2024-12-27T17:45:22","date_gmt":"2024-12-27T17:45:22","guid":{"rendered":"https:\/\/247stiri.ro\/index.php\/2024\/12\/27\/autorul-atacului-din-china-care-a-ucis-in-noiembrie-35-de-persoane-cu-masina-a-fost-condamnat-la-moarte\/"},"modified":"2024-12-27T17:45:22","modified_gmt":"2024-12-27T17:45:22","slug":"autorul-atacului-din-china-care-a-ucis-in-noiembrie-35-de-persoane-cu-masina-a-fost-condamnat-la-moarte","status":"publish","type":"post","link":"https:\/\/247stiri.ro\/index.php\/2024\/12\/27\/autorul-atacului-din-china-care-a-ucis-in-noiembrie-35-de-persoane-cu-masina-a-fost-condamnat-la-moarte\/","title":{"rendered":"Autorul atacului din China care a ucis \u00een noiembrie 35 de persoane cu ma\u015fina a fost condamnat la moarte"},"content":{"rendered":"<p>Fan Weiqiu, \u00een v\u00e2rst\u0103 de 62 de ani, a fost condamnat pentru comiterea faptei, din motive personale \u201e\u00eentr-un mod extrem de josnic\u201d, potrivit instan\u0163ei.<\/p>\n<p>La 11 noiembrie, Fan Weiqiu a intrat deliberat cu SUV-ul s\u0103u \u00een persoanele care se antrenau \u00een fa\u0163a unui complex sportiv din Zhuhai. El a fost arestat la fa\u0163a locului dup\u0103 ce \u015fi-a provocat singur r\u0103ni cu cu\u0163itul \u015fi a intrat \u00een com\u0103, a declarat poli\u0163ia la acea vreme.<\/p>\n<p>Cu toate acestea, el a fost judecat \u00een public vineri, \u00een prezen\u0163a rudelor victimelor, \u015fi a pledat vinovat. Verdictul a fost anun\u0163at \u00een aceea\u015fi zi.<\/p>\n<p>Instan\u0163a a subliniat \u201emotivele extrem de josnice, natura deosebit de flagrant\u0103 a infrac\u0163iunii, metoda deosebit de crud\u0103 \u015fi consecin\u0163ele deosebit de grave, provoc\u00e2nd prejudicii semnificative societ\u0103\u0163ii\u201d, potrivit CCTV.<\/p>\n<p>Fan Weiqiu \u201ea decis s\u0103 \u00ee\u015fi exprime furia\u201d din cauza \u201eunei c\u0103snicii destr\u0103mate, a frustr\u0103rilor personale \u015fi a nemul\u0163umirii sale cu privire la \u00eemp\u0103r\u0163irea bunurilor dup\u0103 divor\u0163\u201d, a detaliat CCTV.<\/p>\n<p>China a \u00eenregistrat \u00een acest an o serie de incidente mortale &#8211; de la \u00eenjunghieri la atentate cu ma\u015fini &#8211; comise de indivizi izola\u0163i, ceea ce a subminat reputa\u0163ia sa de bun\u0103 securitate public\u0103, ob\u0163inut\u0103 cu pre\u0163ul unui nivel ridicat de control social. Unii exper\u0163i au legat aceste incidente de frustrarea provocat\u0103 de \u00eencetinirea economiei chineze.<\/p>\n<p>Dup\u0103 atacul din Zhuhai, autorit\u0103\u0163ile au avut nevoie de aproape 24 de ore pentru a recunoa\u015fte c\u0103 zeci de persoane au fost ucise, iar videoclipurile \u015fi comentariile au fost cenzurate pe internet.<\/p>\n<p>Un altar improvizat \u00een fa\u0163a centrului sportiv unde au avut loc evenimentele a fost \u00eendep\u0103rtat rapid, unul dintre angaja\u0163ii responsabili cu \u00eendep\u0103rtarea acestuia declar\u00e2nd c\u0103 a fost un \u201eordin de sus\u201d.<\/p>\n<p>Furia \u015fi emo\u0163ia st\u00e2rnite de atac au fost totu\u015fi foarte evidente vineri, internau\u0163ii de pe platforma de microblogging Weibo salut\u00e2nd verdictul rapid, iar unii cer\u00e2nd ca acesta s\u0103 fie executat f\u0103r\u0103 \u00eent\u00e2rziere. Un utilizator a scris c\u0103 f\u0103pta\u015fului \u201enu ar trebui s\u0103 i se permit\u0103 s\u0103 s\u0103rb\u0103toreasc\u0103 Revelionul\u201d.<\/p>\n<p>Luni, un b\u0103rbat acuzat c\u0103 luna trecut\u0103 a intrat cu ma\u015fina \u00eentr-o mul\u0163ime format\u0103 \u00een majoritate din elevi, r\u0103nind 30 de persoane, a primit o condamnare la moarte cu suspendare. Sentin\u0163a este suspendat\u0103 timp de doi ani \u015fi este adesea comutat\u0103 la \u00eenchisoare pe via\u0163\u0103 \u00een absen\u0163a unor noi crime. Pe Weibo, mul\u0163i internau\u0163i au criticat, de asemenea, sentin\u0163a ca fiind prea bl\u00e2nd\u0103. \u015ei \u00een acest caz\u00a0instan\u0163a a spus c\u0103 acuzatul a ac\u0163ionat pentru \u201ea-\u015fi desc\u0103rca emo\u0163iile personale\u201d, \u00een special dup\u0103 \u201epierderi financiare \u00een urma unor investi\u0163ii\u201d \u015fi a unor \u201econflicte familiale\u201d.<\/p>","protected":false},"excerpt":{"rendered":"<p>Fan Weiqiu, \u00een v\u00e2rst\u0103 de 62 de ani, a fost condamnat pentru comiterea faptei, din&hellip;<\/p>\n","protected":false},"author":0,"featured_media":19564,"comment_status":"open","ping_status":"open","sticky":false,"template":"","format":"standard","meta":{"footnotes":""},"categories":[2],"tags":[],"class_list":["post-19578","post","type-post","status-publish","format-standard","has-post-thumbnail","hentry","category-actual"],"_links":{"self":[{"href":"https:\/\/247stiri.ro\/index.php\/wp-json\/wp\/v2\/posts\/19578","targetHints":{"allow":["GET"]}}],"collection":[{"href":"https:\/\/247stiri.ro\/index.php\/wp-json\/wp\/v2\/posts"}],"about":[{"href":"https:\/\/247stiri.ro\/index.php\/wp-json\/wp\/v2\/types\/post"}],"replies":[{"embeddable":true,"href":"https:\/\/247stiri.ro\/index.php\/wp-json\/wp\/v2\/comments?post=19578"}],"version-history":[{"count":0,"href":"https:\/\/247stiri.ro\/index.php\/wp-json\/wp\/v2\/posts\/19578\/revisions"}],"wp:featuredmedia":[{"embeddable":true,"href":"https:\/\/247stiri.ro\/index.php\/wp-json\/wp\/v2\/media\/19564"}],"wp:attachment":[{"href":"https:\/\/247stiri.ro\/index.php\/wp-json\/wp\/v2\/media?parent=19578"}],"wp:term":[{"taxonomy":"category","embeddable":true,"href":"https:\/\/247stiri.ro\/index.php\/wp-json\/wp\/v2\/categories?post=19578"},{"taxonomy":"post_tag","embeddable":true,"href":"https:\/\/247stiri.ro\/index.php\/wp-json\/wp\/v2\/tags?post=19578"}],"curies":[{"name":"wp","href":"https:\/\/api.w.org\/{rel}","templated":true}]}}