{"id":19609,"date":"2024-12-27T19:47:38","date_gmt":"2024-12-27T19:47:38","guid":{"rendered":"https:\/\/247stiri.ro\/index.php\/2024\/12\/27\/culisele-statului-paralel-tanczos-barna-implicat-in-retrocedarea-fermei-baneasa-va-fi-primul-reprezentant-al-udmr-in-cosililul-suprem-de-aparare-a-tarii\/"},"modified":"2024-12-27T19:47:38","modified_gmt":"2024-12-27T19:47:38","slug":"culisele-statului-paralel-tanczos-barna-implicat-in-retrocedarea-fermei-baneasa-va-fi-primul-reprezentant-al-udmr-in-cosililul-suprem-de-aparare-a-tarii","status":"publish","type":"post","link":"https:\/\/247stiri.ro\/index.php\/2024\/12\/27\/culisele-statului-paralel-tanczos-barna-implicat-in-retrocedarea-fermei-baneasa-va-fi-primul-reprezentant-al-udmr-in-cosililul-suprem-de-aparare-a-tarii\/","title":{"rendered":"CULISELE STATULUI PARALEL. Tanczos Barna, implicat \u00een retrocedarea fermei B\u0103neasa va fi primul reprezentant al UDMR \u00een Cosililul Suprem de Ap\u0103rare a \u021a\u0103rii"},"content":{"rendered":"<p>Jurnali\u0219tii de la Lumea politic\u0103 dezv\u0103luie \u00eentr-o anchet\u0103 c\u0103 cel care \u00eemparte banii rom\u00e2nilor a fost implicat \u00een retrocedarea Fermei B\u0103neasa. \u00cen 2006, Tanczos Barna a semnat adresa 53690\/2006 prin care informa Comisia de Fond Funciar a Sectorului 1 c\u0103 la Sta\u021biunea de Cercetare \u2013 Dezvoltare din B\u0103neasa exist\u0103 45 de hectare gata de retrocedare. Actul emis de pre\u0219edintele Agen\u021bia Domeniilor Statului nu avea avizul Ministerului Agriculturii sau al Academiei de \u0218tiin\u021be Agricole.Adresa prin care Tanczos Barna decima Sta\u021biunea de Cercetare B\u0103neasa a fost parafat\u0103 \u00een 19 iunie 2006. Peste \u0219ase luni, pre\u0219edintele ADS preda c\u0103tre Sectorul 1 o prim\u0103 suprafa\u021b\u0103 de aproape 3 hectare \u00een cea mai scump\u0103 zon\u0103 din Bucure\u0219ti.Opt ani mai t\u00e2rziu, procurorii DNA au aflat despre ilegalit\u0103\u021bile lui Tanczos Barna \u0219i au constatat c\u0103 cele trei hectare \u00eenstr\u0103inate \u00eenainte de Cr\u0103ciunul din 2006 aveau la baz\u0103 falsuri. \u201e\u00cen cuprinsul protocolului, \u00een mod neadev\u0103rat se arat\u0103 c\u0103 suprafa\u0163a predat\u0103 se g\u0103se\u015fte \u00een domeniul privat al statului, de\u015fi \u00een realitate se afla \u00een domeniul public, precum \u015fi c\u0103 nu se impunea acordarea de desp\u0103gubiri, neexist\u00e2nd niciun prejudiciu produs Sta\u0163iunii de Cercetare \u015fi Dezvoltare pentru Pomicultur\u0103 B\u0103neasa, cu toate c\u0103 pe suprafe\u0163ele respective se aflau planta\u0163ii pomicole destinate strict cercet\u0103rii\u201d, se arat\u0103 \u00een rechizitoriul DNA.Decizia luat\u0103 de Tanczos Barna a dat posibilitatea succesorului s\u0103u la ADS, Daniel Dr\u0103gan, s\u0103 cedeze prin \u0219apte protocoale alte 30 de hectare de teren ale SCDP B\u0103neasa. Dr\u0103gan a fost condamnat la \u0219ase ani de \u00eenchisoare pentru retroced\u0103ri frauduloase \u00een alt dosar. Cu toate acestea, Tanczos Barna a sc\u0103pat de condamnare \u00een 2023. Procurorii au constatat c\u0103 o decizie a Cur\u021bii Constitu\u021bionale nu incrimineaz\u0103 faptele celui care acum a ajuns s\u0103 fie ministrul banilor. Pentru a retroceda cele 3 hectare de teren direct \u0219i a mijloci retrocedarea celorlalte 30 de hectare indirect, <a href=\"https:\/\/www.pna.ro\/comunicat.xhtml?id=1957\" target=\"_blank\">Barna Tanczos<\/a> a \u00eenc\u0103lcat numai legi ter\u021biare.Cu toate acestea procurorii care au clasat dosarul \u00een timp ce Barna era ministru al Mediului nu au clarificat problema prejudiciului. \u00cen 2014 acesta fusese calculat la 16 milioane de lei de c\u0103tre DNA.\u00cen timpul \u00een care era cercetat penal, Tanczos Barna a ob\u021binut dou\u0103 mandate de senator, a fost ministru al Mediului \u0219i ministru interimar al Cercet\u0103rii.Tanczos Barna a fost implicat \u00een mai multe scandaluri privind suveranitatea \u0219i integritatea teritorial\u0103 a Rom\u00e2niei. \u00cen perioada \u00een care ocupa func\u021bia de pre\u0219edinte al Federa\u021biei Rom\u00e2ne de Hochei pe Ghea\u021b\u0103, Barna a fost implicat \u00een mai multe episoade controversate. \u00cen 2011, al\u0103turi de na\u021bionala masculin\u0103 de hochei a Rom\u00e2niei, a celebrat promovarea \u00een Divizia I cu un steag al \u021ainutului Secuiesc.\u00a0Un an mai t\u00e2rziu, la Campionatul Mondial din Slovenia, sportivii rom\u00e2ni, majoritatea de etnie maghiar\u0103, au intonat \u201eimnul \u021ainutului Secuiesc\u201d la finalul unui meci cu Ungaria. Trei juc\u0103tori rom\u00e2ni au refuzat s\u0103 participe la moment, \u00een timp ce Barna a fost prezent \u00een galeria maghiar\u0103, aliment\u00e2nd acuza\u021bii de lips\u0103 de loialitate fa\u021b\u0103 de echipa na\u021bional\u0103. Gestul a fost catalogat de Sorin Grindeanu, la acea vreme vicepremier, drept un \u201eafront\u201d la adresa Rom\u00e2niei.<\/p>\n<p>Controversele nu s-au oprit aici. \u00cen septembrie 2022, Tanczos Barna a fost surprins c\u00e2nd \u00eengenunchea pe ghea\u021b\u0103, al\u0103turi de juc\u0103torii echipei Sport Club Miercurea Ciuc, \u00een timpul inton\u0103rii imnului \u021ainutului Secuiesc. Evenimentul a avut loc \u00een finala Cupei Rom\u00e2niei, disputat\u0103 \u00eentre echipa din Miercurea Ciuc \u0219i Steaua, la patinoarul din Miercurea Ciuc.<\/p>\n<p>Un alt episod care a atras aten\u021bia publicului a avut loc \u00een martie 2020, c\u00e2nd Barna a fost prins conduc\u00e2nd cu vitez\u0103 excesiv\u0103. Pentru a evita sanc\u021biunea, acesta a sus\u021binut \u00een fa\u021ba poli\u021bi\u0219tilor c\u0103 ar avea COVID-19. Ulterior, verific\u0103rile au ar\u0103tat c\u0103 Tanczos Barna nici m\u0103car nu f\u0103cuse vreun test la acel moment. Incidentul a fost intens criticat, fiind considerat un abuz al unei situa\u021bii medicale sensibile.<\/p>\n<p>La \u00eenceputul acestui an, Tanczos Barna afirma c\u0103 secuii au avut autonomie \u0219i au pierdut-o, apoi i-a dat premierului Marcel Ciolacu dou\u0103 c\u0103r\u021bi despre istoria \u021ainutului Secuiesc. Reac\u021bia noului ministru de Finan\u021be din Guvernul Ciolacu 2 a avut loc atunci dup\u0103 ce \u0219eful Executivului declarase c\u0103 \u021ainutul Secuiesc nu a avut nicio dat\u0103 autonomie.\u00a0<\/p>","protected":false},"excerpt":{"rendered":"<p>Jurnali\u0219tii de la Lumea politic\u0103 dezv\u0103luie \u00eentr-o anchet\u0103 c\u0103 cel care \u00eemparte banii rom\u00e2nilor a&hellip;<\/p>\n","protected":false},"author":0,"featured_media":19604,"comment_status":"open","ping_status":"open","sticky":false,"template":"","format":"standard","meta":{"footnotes":""},"categories":[2],"tags":[],"class_list":["post-19609","post","type-post","status-publish","format-standard","has-post-thumbnail","hentry","category-actual"],"_links":{"self":[{"href":"https:\/\/247stiri.ro\/index.php\/wp-json\/wp\/v2\/posts\/19609","targetHints":{"allow":["GET"]}}],"collection":[{"href":"https:\/\/247stiri.ro\/index.php\/wp-json\/wp\/v2\/posts"}],"about":[{"href":"https:\/\/247stiri.ro\/index.php\/wp-json\/wp\/v2\/types\/post"}],"replies":[{"embeddable":true,"href":"https:\/\/247stiri.ro\/index.php\/wp-json\/wp\/v2\/comments?post=19609"}],"version-history":[{"count":0,"href":"https:\/\/247stiri.ro\/index.php\/wp-json\/wp\/v2\/posts\/19609\/revisions"}],"wp:featuredmedia":[{"embeddable":true,"href":"https:\/\/247stiri.ro\/index.php\/wp-json\/wp\/v2\/media\/19604"}],"wp:attachment":[{"href":"https:\/\/247stiri.ro\/index.php\/wp-json\/wp\/v2\/media?parent=19609"}],"wp:term":[{"taxonomy":"category","embeddable":true,"href":"https:\/\/247stiri.ro\/index.php\/wp-json\/wp\/v2\/categories?post=19609"},{"taxonomy":"post_tag","embeddable":true,"href":"https:\/\/247stiri.ro\/index.php\/wp-json\/wp\/v2\/tags?post=19609"}],"curies":[{"name":"wp","href":"https:\/\/api.w.org\/{rel}","templated":true}]}}