{"id":19610,"date":"2024-12-27T19:47:38","date_gmt":"2024-12-27T19:47:38","guid":{"rendered":"https:\/\/247stiri.ro\/index.php\/2024\/12\/27\/in-era-social-media-crin-antonescu-a-postat-pentru-ultima-oara-in-2015\/"},"modified":"2024-12-27T19:47:38","modified_gmt":"2024-12-27T19:47:38","slug":"in-era-social-media-crin-antonescu-a-postat-pentru-ultima-oara-in-2015","status":"publish","type":"post","link":"https:\/\/247stiri.ro\/index.php\/2024\/12\/27\/in-era-social-media-crin-antonescu-a-postat-pentru-ultima-oara-in-2015\/","title":{"rendered":"\u00cen era social media, Crin Antonescu a postat pentru ultima oar\u0103 \u00een&#8230;2015!"},"content":{"rendered":"<p>Crin Antonescu, candidatul comun la alegerile preziden\u0163iale anun\u0163at de PSD, PNL; UDMR \u015fi grupul minorit\u0103\u0163ilor, a admis vineri c\u0103 \u201epoate nu exist\u0103\u201d pentru unii aleg\u0103tori, din cauza lipsei de activitate pe re\u0163elele de socializare \u00een ultimii ani.<\/p>\n<p>. \u201eN-ave\u0163i TikTok, n-ave\u0163i Instagram, pe Facebook a\u0163i postat \u00een 2015 ultima dat\u0103, pentru unii s-ar putea s\u0103 nu exista\u0163i. (\u2026) Ave\u0163i nevoie \u015fi din acea zon\u0103 de voturi, cum le ve\u0163i accesa?\u201d, a fost \u00eentrebat vineri seara, la un post TV, Crin Antonescu.<\/p>\n<p>\u201eEste foarte adev\u0103rat\u201d, a r\u0103spuns acesta. \u201eEu n-am avut \u00een ace\u015fti ani \u00een care am lipsit din exerci\u0163iul politic activ via\u0163\u0103 pe re\u0163elele sociale, pe niciuna, pentru c\u0103 nu am avut nevoie. Preocup\u0103rile mele au fost de alt\u0103 natur\u0103, am scris, am citit, am c\u0103l\u0103torit, am g\u00e2ndit, am observat, nu am comunicat social de amploare, am comunicat \u00een regim intim. De bun\u0103 seam\u0103 c\u0103, intr\u00e2nd \u00een aceast\u0103 b\u0103t\u0103lie, intr\u00e2nd \u00een acest dialog, \u00eencerc\u00e2nd s\u0103 m\u0103 ar\u0103t acestor oameni, ar fi \u00een primul r\u00e2nd nu o lips\u0103 de eficien\u0163\u0103 sau sim\u0163 practic, ci o lips\u0103 de respect fa\u0163\u0103 de ei\u201d, a declarant Antonescu.<\/p>","protected":false},"excerpt":{"rendered":"<p>Crin Antonescu, candidatul comun la alegerile preziden\u0163iale anun\u0163at de PSD, PNL; UDMR \u015fi grupul minorit\u0103\u0163ilor,&hellip;<\/p>\n","protected":false},"author":0,"featured_media":19606,"comment_status":"open","ping_status":"open","sticky":false,"template":"","format":"standard","meta":{"footnotes":""},"categories":[2],"tags":[],"class_list":["post-19610","post","type-post","status-publish","format-standard","has-post-thumbnail","hentry","category-actual"],"_links":{"self":[{"href":"https:\/\/247stiri.ro\/index.php\/wp-json\/wp\/v2\/posts\/19610","targetHints":{"allow":["GET"]}}],"collection":[{"href":"https:\/\/247stiri.ro\/index.php\/wp-json\/wp\/v2\/posts"}],"about":[{"href":"https:\/\/247stiri.ro\/index.php\/wp-json\/wp\/v2\/types\/post"}],"replies":[{"embeddable":true,"href":"https:\/\/247stiri.ro\/index.php\/wp-json\/wp\/v2\/comments?post=19610"}],"version-history":[{"count":0,"href":"https:\/\/247stiri.ro\/index.php\/wp-json\/wp\/v2\/posts\/19610\/revisions"}],"wp:featuredmedia":[{"embeddable":true,"href":"https:\/\/247stiri.ro\/index.php\/wp-json\/wp\/v2\/media\/19606"}],"wp:attachment":[{"href":"https:\/\/247stiri.ro\/index.php\/wp-json\/wp\/v2\/media?parent=19610"}],"wp:term":[{"taxonomy":"category","embeddable":true,"href":"https:\/\/247stiri.ro\/index.php\/wp-json\/wp\/v2\/categories?post=19610"},{"taxonomy":"post_tag","embeddable":true,"href":"https:\/\/247stiri.ro\/index.php\/wp-json\/wp\/v2\/tags?post=19610"}],"curies":[{"name":"wp","href":"https:\/\/api.w.org\/{rel}","templated":true}]}}