{"id":19611,"date":"2024-12-27T19:47:38","date_gmt":"2024-12-27T19:47:38","guid":{"rendered":"https:\/\/247stiri.ro\/index.php\/2024\/12\/27\/crin-antonescu-la-momentul-adevarului-cine-a-fost-primul-lider-pe-care-l-a-sunat-sa-i-spuna-despre-candidatura\/"},"modified":"2024-12-27T19:47:38","modified_gmt":"2024-12-27T19:47:38","slug":"crin-antonescu-la-momentul-adevarului-cine-a-fost-primul-lider-pe-care-l-a-sunat-sa-i-spuna-despre-candidatura","status":"publish","type":"post","link":"https:\/\/247stiri.ro\/index.php\/2024\/12\/27\/crin-antonescu-la-momentul-adevarului-cine-a-fost-primul-lider-pe-care-l-a-sunat-sa-i-spuna-despre-candidatura\/","title":{"rendered":"Crin Antonescu, la momentul adev\u0103rului. Cine a fost primul lider pe care l-a sunat s\u0103-i spun\u0103 despre candidatur\u0103"},"content":{"rendered":"<p>El anun\u0163\u0103 c\u0103 nu va candida ca reprezentant al Partidului Na\u0163ional Liberal, admi\u0163\u00e2nd, \u00eens\u0103, c\u0103 nu va avea o candidatur\u0103 independent\u0103, \u00een sensul \u00een care \u015ftie c\u0103 nu are, din punct de vedere financiar \u015fi logistic, posibilitatea de a sus\u0163ine a\u015fa ceva.<\/p>\n<p>\u201dPrimul, propriu zis dintre cei trei lideri pre\u015fedin\u0163i ai forma\u0163iunilor (care a sunat pentru a discuta despre candidatur\u0103 \u2013 n.r.), a fost, da, Kelemen Hunor. (&#8230;) El a fost primul care m-a \u00eentrebat dac\u0103 nu vreau s\u0103 rev\u0103d ni\u015fte vechi prieteni. Eram la Bruxelles. Eu, to\u0163i ace\u015fti ani, departe de politic\u0103, \u00een sensul activit\u0103\u0163ii politice, altfel totdeauna am urm\u0103rit cu interes, deci eu nu am avut, p\u00e2n\u0103 \u00een diminea\u0163a zilei de 25 noiembrie ideea c\u0103 s-ar putea pun e aceast\u0103 problem\u0103 \u00een leg\u0103tur\u0103 cu mine\u201d, a afirmat Crin Antonescu, vineri sear\u0103, la un post TV.<\/p>\n<p>El a dezv\u0103luit c\u0103 \u00een ultimii zece ani nu a mai discutat cu Kelemen Hunor.<\/p>\n<p>\u00centrebat dac\u0103 este sigur ca va ajunge s\u0103 fie candidatul oficial al celor trei forma\u0163iuni politice, Crin Antonescu a r\u0103spuns c\u0103 nu \u00ee\u015fi pune problema \u00een acest fel.<\/p>","protected":false},"excerpt":{"rendered":"<p>El anun\u0163\u0103 c\u0103 nu va candida ca reprezentant al Partidului Na\u0163ional Liberal, admi\u0163\u00e2nd, \u00eens\u0103, c\u0103&hellip;<\/p>\n","protected":false},"author":0,"featured_media":19608,"comment_status":"open","ping_status":"open","sticky":false,"template":"","format":"standard","meta":{"footnotes":""},"categories":[2],"tags":[],"class_list":["post-19611","post","type-post","status-publish","format-standard","has-post-thumbnail","hentry","category-actual"],"_links":{"self":[{"href":"https:\/\/247stiri.ro\/index.php\/wp-json\/wp\/v2\/posts\/19611","targetHints":{"allow":["GET"]}}],"collection":[{"href":"https:\/\/247stiri.ro\/index.php\/wp-json\/wp\/v2\/posts"}],"about":[{"href":"https:\/\/247stiri.ro\/index.php\/wp-json\/wp\/v2\/types\/post"}],"replies":[{"embeddable":true,"href":"https:\/\/247stiri.ro\/index.php\/wp-json\/wp\/v2\/comments?post=19611"}],"version-history":[{"count":0,"href":"https:\/\/247stiri.ro\/index.php\/wp-json\/wp\/v2\/posts\/19611\/revisions"}],"wp:featuredmedia":[{"embeddable":true,"href":"https:\/\/247stiri.ro\/index.php\/wp-json\/wp\/v2\/media\/19608"}],"wp:attachment":[{"href":"https:\/\/247stiri.ro\/index.php\/wp-json\/wp\/v2\/media?parent=19611"}],"wp:term":[{"taxonomy":"category","embeddable":true,"href":"https:\/\/247stiri.ro\/index.php\/wp-json\/wp\/v2\/categories?post=19611"},{"taxonomy":"post_tag","embeddable":true,"href":"https:\/\/247stiri.ro\/index.php\/wp-json\/wp\/v2\/tags?post=19611"}],"curies":[{"name":"wp","href":"https:\/\/api.w.org\/{rel}","templated":true}]}}