{"id":19706,"date":"2024-12-28T11:45:02","date_gmt":"2024-12-28T11:45:02","guid":{"rendered":"https:\/\/247stiri.ro\/index.php\/2024\/12\/28\/taximetrist-salvat-de-politisti-inainte-sa-si-dea-foc-barbatul-era-dezamagit-de-femei\/"},"modified":"2024-12-28T11:45:02","modified_gmt":"2024-12-28T11:45:02","slug":"taximetrist-salvat-de-politisti-inainte-sa-si-dea-foc-barbatul-era-dezamagit-de-femei","status":"publish","type":"post","link":"https:\/\/247stiri.ro\/index.php\/2024\/12\/28\/taximetrist-salvat-de-politisti-inainte-sa-si-dea-foc-barbatul-era-dezamagit-de-femei\/","title":{"rendered":"Taximetrist, salvat de poli\u021bi\u0219ti \u00eenainte s\u0103-\u0219i dea foc. B\u0103rbatul era dezam\u0103git de femei"},"content":{"rendered":"<p>B\u0103rbatul aflat \u00een stare de ebrietate a mers \u00een fa\u0163a sediului Prim\u0103riei Suceava, s-a stropit cu combustibil \u015fi a amenin\u0163at c\u0103 \u00ee\u015fi d\u0103 foc. O persoan\u0103 a sunat la 112 la ora 8:45, anun\u0163\u00e2nd incidentul.<\/p>\n<p>\u201ePatrulele de poli\u0163ie deplasate la fa\u0163a locului au constatat faptul c\u0103 un b\u0103rbat se manifesta agitat, fiind \u00eentr-o vizibil\u0103 stare de tulburare, av\u00e2nd \u00een m\u00e2n\u0103 un recipient cu un lichid inflamabil, o parte a lichidului fiind turnat pe suprafa\u0163a corpului. B\u0103rbatul era incoerent in declara\u0163ii \u015fi amenin\u0163\u0103 cu autoincendierea, f\u0103r\u0103 a putea prezenta o motiva\u0163ie a inten\u0163iilor sale. S-a solicitat \u00een regim de urgen\u0163\u0103 interven\u0163ia negociatorului autorizat din cadrul Serviciului pentru Ac\u0163iuni Speciale IPJ Suceava, poli\u0163istul \u00eencerc\u00e2nd sa stabileasc\u0103 un canal de dialog \u015fi ac\u0163ion\u00e2nd intre-o manier\u0103 condescendent\u0103 pentru gestionarea situa\u0163iei\u201d, transmit oficialii Poli\u0163iei jude\u0163ene Suceava.<\/p>\n<p>Se pare c\u0103 b\u0103rbatul a explicat c\u0103 a vrut s\u0103 recurg\u0103 la gestul extrem pentru c\u0103 este dezam\u0103git de femei.<\/p>","protected":false},"excerpt":{"rendered":"<p>B\u0103rbatul aflat \u00een stare de ebrietate a mers \u00een fa\u0163a sediului Prim\u0103riei Suceava, s-a stropit&hellip;<\/p>\n","protected":false},"author":0,"featured_media":19707,"comment_status":"open","ping_status":"open","sticky":false,"template":"","format":"standard","meta":{"footnotes":""},"categories":[2],"tags":[],"class_list":["post-19706","post","type-post","status-publish","format-standard","has-post-thumbnail","hentry","category-actual"],"_links":{"self":[{"href":"https:\/\/247stiri.ro\/index.php\/wp-json\/wp\/v2\/posts\/19706","targetHints":{"allow":["GET"]}}],"collection":[{"href":"https:\/\/247stiri.ro\/index.php\/wp-json\/wp\/v2\/posts"}],"about":[{"href":"https:\/\/247stiri.ro\/index.php\/wp-json\/wp\/v2\/types\/post"}],"replies":[{"embeddable":true,"href":"https:\/\/247stiri.ro\/index.php\/wp-json\/wp\/v2\/comments?post=19706"}],"version-history":[{"count":0,"href":"https:\/\/247stiri.ro\/index.php\/wp-json\/wp\/v2\/posts\/19706\/revisions"}],"wp:featuredmedia":[{"embeddable":true,"href":"https:\/\/247stiri.ro\/index.php\/wp-json\/wp\/v2\/media\/19707"}],"wp:attachment":[{"href":"https:\/\/247stiri.ro\/index.php\/wp-json\/wp\/v2\/media?parent=19706"}],"wp:term":[{"taxonomy":"category","embeddable":true,"href":"https:\/\/247stiri.ro\/index.php\/wp-json\/wp\/v2\/categories?post=19706"},{"taxonomy":"post_tag","embeddable":true,"href":"https:\/\/247stiri.ro\/index.php\/wp-json\/wp\/v2\/tags?post=19706"}],"curies":[{"name":"wp","href":"https:\/\/api.w.org\/{rel}","templated":true}]}}