{"id":19858,"date":"2024-12-29T11:46:29","date_gmt":"2024-12-29T11:46:29","guid":{"rendered":"https:\/\/247stiri.ro\/index.php\/2024\/12\/29\/mica-recalculare-gata-in-martie-cine-va-primi-bani-in-plus-la-pensie-de-unde-va-lua-statul-bani\/"},"modified":"2024-12-29T11:46:29","modified_gmt":"2024-12-29T11:46:29","slug":"mica-recalculare-gata-in-martie-cine-va-primi-bani-in-plus-la-pensie-de-unde-va-lua-statul-bani","status":"publish","type":"post","link":"https:\/\/247stiri.ro\/index.php\/2024\/12\/29\/mica-recalculare-gata-in-martie-cine-va-primi-bani-in-plus-la-pensie-de-unde-va-lua-statul-bani\/","title":{"rendered":"Mica recalculare, gata \u00een martie. Cine va primi bani \u00een plus la pensie. De unde va lua statul bani"},"content":{"rendered":"<p>Mica recalculare ar trebui finalizat\u0103 \u00een martie, anul viitor,\u00a0moment \u00een care casele de pensii \u00eencep s\u0103 trimit\u0103 noi decizii de recalculare c\u0103tre pensionari\u00a0\u0219i \u0219tim din estim\u0103rile f\u0103cute p\u00e2n\u0103 acum c\u0103 sunt aproximativ un milion de rom\u00e2ni\u00a0care vor beneficia de aceast\u0103 etap\u0103 a recalcul\u0103rii.\u00a0<\/p>\n<p>Pentru a primi bani \u00een plus, este nevoie s\u0103 depun\u0103 la dosar \u00een cazul \u00een care nu au fost depuse p\u00e2n\u0103 acum documente care arat\u0103 c\u0103 au beneficiat de venituri nepermanente.\u00a0Vorbim despre prime, premii, sporuri, acordul global sau al 13-lea salariu\u00a0\u0219i, spun oficialii, c\u0103 din datele pe care le au, cei care vor \u00eencasa cel mai mult la aceast\u0103 etap\u0103 a recalcul\u0103rii\u00a0sunt rom\u00e2nii care au lucrat \u00een acord global.<\/p>\n<p>Numai c\u0103, iat\u0103, statul trebuie s\u0103 aloce bani pentru acest lucru \u00een viitorul buget\u00a0\u0219i vom vedea cu siguran\u021b\u0103 care va fi impactul pentru c\u0103 procedura este \u00een desf\u0103\u0219urare.\u00a0\u00cen continuare, oamenii depun documente la casele de pensie,\u00a0\u00eens\u0103, pe de alt\u0103 parte, speciali\u0219tii din domeniu spun c\u0103 majorarea pe care o vor primi\u00a0nu va acoperi tariful pe care oamenii trebuie s\u0103-l pl\u0103teasc\u0103 firmelor private de arhivare\u00a0\u00een cazuri \u00een care au ajuns s\u0103 se \u00eendrepte c\u0103tre aceste companii pentru a recupera documentele.<\/p>\n<p>ADEVERIN\u021aELE CAREA ADUC MAI MUL\u021aI BANI LA MICA RECALCULAREVeniturile nepermanenteAcord globalPremii, prime, sporuriOrele suplimentareAl 13-lea salariuSURSA: Realitatea PLUS\u00a0<\/p>","protected":false},"excerpt":{"rendered":"<p>Mica recalculare ar trebui finalizat\u0103 \u00een martie, anul viitor,\u00a0moment \u00een care casele de pensii \u00eencep&hellip;<\/p>\n","protected":false},"author":0,"featured_media":19859,"comment_status":"open","ping_status":"open","sticky":false,"template":"","format":"standard","meta":{"footnotes":""},"categories":[2],"tags":[],"class_list":["post-19858","post","type-post","status-publish","format-standard","has-post-thumbnail","hentry","category-actual"],"_links":{"self":[{"href":"https:\/\/247stiri.ro\/index.php\/wp-json\/wp\/v2\/posts\/19858","targetHints":{"allow":["GET"]}}],"collection":[{"href":"https:\/\/247stiri.ro\/index.php\/wp-json\/wp\/v2\/posts"}],"about":[{"href":"https:\/\/247stiri.ro\/index.php\/wp-json\/wp\/v2\/types\/post"}],"replies":[{"embeddable":true,"href":"https:\/\/247stiri.ro\/index.php\/wp-json\/wp\/v2\/comments?post=19858"}],"version-history":[{"count":0,"href":"https:\/\/247stiri.ro\/index.php\/wp-json\/wp\/v2\/posts\/19858\/revisions"}],"wp:featuredmedia":[{"embeddable":true,"href":"https:\/\/247stiri.ro\/index.php\/wp-json\/wp\/v2\/media\/19859"}],"wp:attachment":[{"href":"https:\/\/247stiri.ro\/index.php\/wp-json\/wp\/v2\/media?parent=19858"}],"wp:term":[{"taxonomy":"category","embeddable":true,"href":"https:\/\/247stiri.ro\/index.php\/wp-json\/wp\/v2\/categories?post=19858"},{"taxonomy":"post_tag","embeddable":true,"href":"https:\/\/247stiri.ro\/index.php\/wp-json\/wp\/v2\/tags?post=19858"}],"curies":[{"name":"wp","href":"https:\/\/api.w.org\/{rel}","templated":true}]}}