{"id":19862,"date":"2024-12-29T11:46:30","date_gmt":"2024-12-29T11:46:30","guid":{"rendered":"https:\/\/247stiri.ro\/index.php\/2024\/12\/29\/se-anunta-proteste-masive-dupa-ordonanta-trenulet-mii-de-oameni-vor-iesi-in-strada-ca-urmare-a-inghetarii-pensiilor-si-salariilor\/"},"modified":"2024-12-29T11:46:30","modified_gmt":"2024-12-29T11:46:30","slug":"se-anunta-proteste-masive-dupa-ordonanta-trenulet-mii-de-oameni-vor-iesi-in-strada-ca-urmare-a-inghetarii-pensiilor-si-salariilor","status":"publish","type":"post","link":"https:\/\/247stiri.ro\/index.php\/2024\/12\/29\/se-anunta-proteste-masive-dupa-ordonanta-trenulet-mii-de-oameni-vor-iesi-in-strada-ca-urmare-a-inghetarii-pensiilor-si-salariilor\/","title":{"rendered":"Se anun\u021b\u0103 PROTESTE MASIVE dup\u0103 Ordonan\u021ba Trenule\u021b: mii de oameni vor ie\u0219i \u00een strad\u0103 ca urmare a \u00eenghe\u021b\u0103rii pensiilor \u0219i salariilor"},"content":{"rendered":"<p>Sindicali\u0219ti au anun\u021bat c\u0103 de la \u00eenceputul anului viitor vor avea loc proteste,\u00a0iar mii de oameni vor ie\u0219i \u00een strad\u0103 pentru a-\u0219i striga nemul\u021bumirile.\u00a0Am putea s\u0103-i vedem \u00een luna februarie \u00een fa\u021ba Guvernului, \u00eens\u0103 cei din S\u0103n\u0103tate au transmis\u00a0c\u0103 p\u00e2n\u0103 \u00een luna februarie ar putea avea loc \u0219i proteste spontane \u00een spitale.<\/p>\n<p>\u0218i asta pentru c\u0103 oamenii sunt nemul\u021bumi\u021bi de ordonan\u021ba trenule\u021b care \u00eenghea\u021b\u0103 pensiile \u0219i salariile.\u00a0Iar dup\u0103 discu\u021bia de ieri de la Guvern, sindicali\u0219ti au transmis c\u0103 sistemul de s\u0103n\u0103tate este cel mai afectat\u00a0\u0219i asta pentru c\u0103 toate recompensele salariale r\u0103m\u00e2n blocate.\u00a0Nemul\u021bumi\u021bi sunt \u0219i studen\u021bii de decizie a Guvernului de a reduce subven\u021bia pentru transportul \u00een comun\u00a0\u0219i de a \u00eenghe\u021ba fondul de burse. Ace\u0219tia au transmis \u0219i ei c\u0103 m\u0103surile Guvernului sunt inacceptabile.<\/p>","protected":false},"excerpt":{"rendered":"<p>Sindicali\u0219ti au anun\u021bat c\u0103 de la \u00eenceputul anului viitor vor avea loc proteste,\u00a0iar mii de&hellip;<\/p>\n","protected":false},"author":0,"featured_media":19863,"comment_status":"open","ping_status":"open","sticky":false,"template":"","format":"standard","meta":{"footnotes":""},"categories":[2],"tags":[],"class_list":["post-19862","post","type-post","status-publish","format-standard","has-post-thumbnail","hentry","category-actual"],"_links":{"self":[{"href":"https:\/\/247stiri.ro\/index.php\/wp-json\/wp\/v2\/posts\/19862","targetHints":{"allow":["GET"]}}],"collection":[{"href":"https:\/\/247stiri.ro\/index.php\/wp-json\/wp\/v2\/posts"}],"about":[{"href":"https:\/\/247stiri.ro\/index.php\/wp-json\/wp\/v2\/types\/post"}],"replies":[{"embeddable":true,"href":"https:\/\/247stiri.ro\/index.php\/wp-json\/wp\/v2\/comments?post=19862"}],"version-history":[{"count":0,"href":"https:\/\/247stiri.ro\/index.php\/wp-json\/wp\/v2\/posts\/19862\/revisions"}],"wp:featuredmedia":[{"embeddable":true,"href":"https:\/\/247stiri.ro\/index.php\/wp-json\/wp\/v2\/media\/19863"}],"wp:attachment":[{"href":"https:\/\/247stiri.ro\/index.php\/wp-json\/wp\/v2\/media?parent=19862"}],"wp:term":[{"taxonomy":"category","embeddable":true,"href":"https:\/\/247stiri.ro\/index.php\/wp-json\/wp\/v2\/categories?post=19862"},{"taxonomy":"post_tag","embeddable":true,"href":"https:\/\/247stiri.ro\/index.php\/wp-json\/wp\/v2\/tags?post=19862"}],"curies":[{"name":"wp","href":"https:\/\/api.w.org\/{rel}","templated":true}]}}