{"id":19870,"date":"2024-12-29T12:45:23","date_gmt":"2024-12-29T12:45:23","guid":{"rendered":"https:\/\/247stiri.ro\/index.php\/2024\/12\/29\/scandal-la-un-festival-din-suceava-uratorii-dati-jos-de-pe-scena-dupa-mesajul-critic-la-adresa-sistemului\/"},"modified":"2024-12-29T12:45:23","modified_gmt":"2024-12-29T12:45:23","slug":"scandal-la-un-festival-din-suceava-uratorii-dati-jos-de-pe-scena-dupa-mesajul-critic-la-adresa-sistemului","status":"publish","type":"post","link":"https:\/\/247stiri.ro\/index.php\/2024\/12\/29\/scandal-la-un-festival-din-suceava-uratorii-dati-jos-de-pe-scena-dupa-mesajul-critic-la-adresa-sistemului\/","title":{"rendered":"Scandal la un festival din Suceava: Ur\u0103torii, da\u021bi jos de pe scen\u0103 dup\u0103 mesajul critic la adresa sistemului"},"content":{"rendered":"<p>Un incident controversat a marcat un festival local de tradi\u021bii \u0219i obiceiuri, unde un grup de colind\u0103tori a fost \u00eentrerupt brusc \u00een timpul reprezenta\u021biei. Se pare c\u0103 ace\u0219tia au folosit momentul artistic pentru a transmite mesaje critice la adresa sistemului politic \u0219i social actual. Evenimentul, care trebuia s\u0103 celebreze tradi\u021biile rom\u00e2ne\u0219ti, s-a transformat rapid \u00eentr-un scandal.<\/p>\n<p>\u00cen timpul unui moment artistic de ur\u0103turi, grupul a inclus \u00een interpretarea sa un pamflet politic, st\u00e2rnind rumoare \u00een r\u00e2ndul organizatorilor. \u00cen mijlocul reprezenta\u021biei, microfoanele au fost t\u0103iate, iar colind\u0103torii au fost invita\u021bi s\u0103 p\u0103r\u0103seasc\u0103 scena. Potrivit martorilor, momentul a fost perceput ca o tentativ\u0103 de cenzur\u0103.<\/p>\n<p><a title=\"@dan__nedelku\" href=\"https:\/\/www.tiktok.com\/@dan__nedelku?refer=embed\" target=\"_blank\">@dan__nedelku<\/a> <a title=\"ursiirotunda\" href=\"https:\/\/www.tiktok.com\/tag\/ursiirotunda?refer=embed\" target=\"_blank\">#ursiirotunda<\/a> <a title=\"suceava\" href=\"https:\/\/www.tiktok.com\/tag\/suceava?refer=embed\" target=\"_blank\">#suceava<\/a> <a title=\"\u0440\u0435\u043a\" href=\"https:\/\/www.tiktok.com\/tag\/%D1%80%D0%B5%D0%BA?refer=embed\" target=\"_blank\">#\u0440\u0435\u043a<\/a> <a title=\"2025\" href=\"https:\/\/www.tiktok.com\/tag\/2025?refer=embed\" target=\"_blank\">#2025<\/a> # leau inchis microfonul la adev\u0103r ce spuneau!!!\ud83c\uddf7\ud83c\uddf4<a title=\"rotunda\" href=\"https:\/\/www.tiktok.com\/tag\/rotunda?refer=embed\" target=\"_blank\">#rotunda<\/a> <a title=\"\u266c \u043e\u0440\u0438\u0433\u0456\u043d\u0430\u043b\u044c\u043d\u0438\u0439 \u0437\u0432\u0443\u043a - Dan Nedelcu\" href=\"https:\/\/www.tiktok.com\/music\/%D0%BE%D1%80%D0%B8%D0%B3%D1%96%D0%BD%D0%B0%D0%BB%D1%8C%D0%BD%D0%B8%D0%B9-%D0%B7%D0%B2%D1%83%D0%BA-7453187668981222149?refer=embed\" target=\"_blank\">\u266c \u043e\u0440\u0438\u0433\u0456\u043d\u0430\u043b\u044c\u043d\u0438\u0439 \u0437\u0432\u0443\u043a &#8211; Dan Nedelcu<\/a><\/p>","protected":false},"excerpt":{"rendered":"<p>Un incident controversat a marcat un festival local de tradi\u021bii \u0219i obiceiuri, unde un grup&hellip;<\/p>\n","protected":false},"author":0,"featured_media":19871,"comment_status":"open","ping_status":"open","sticky":false,"template":"","format":"standard","meta":{"footnotes":""},"categories":[2],"tags":[],"class_list":["post-19870","post","type-post","status-publish","format-standard","has-post-thumbnail","hentry","category-actual"],"_links":{"self":[{"href":"https:\/\/247stiri.ro\/index.php\/wp-json\/wp\/v2\/posts\/19870","targetHints":{"allow":["GET"]}}],"collection":[{"href":"https:\/\/247stiri.ro\/index.php\/wp-json\/wp\/v2\/posts"}],"about":[{"href":"https:\/\/247stiri.ro\/index.php\/wp-json\/wp\/v2\/types\/post"}],"replies":[{"embeddable":true,"href":"https:\/\/247stiri.ro\/index.php\/wp-json\/wp\/v2\/comments?post=19870"}],"version-history":[{"count":0,"href":"https:\/\/247stiri.ro\/index.php\/wp-json\/wp\/v2\/posts\/19870\/revisions"}],"wp:featuredmedia":[{"embeddable":true,"href":"https:\/\/247stiri.ro\/index.php\/wp-json\/wp\/v2\/media\/19871"}],"wp:attachment":[{"href":"https:\/\/247stiri.ro\/index.php\/wp-json\/wp\/v2\/media?parent=19870"}],"wp:term":[{"taxonomy":"category","embeddable":true,"href":"https:\/\/247stiri.ro\/index.php\/wp-json\/wp\/v2\/categories?post=19870"},{"taxonomy":"post_tag","embeddable":true,"href":"https:\/\/247stiri.ro\/index.php\/wp-json\/wp\/v2\/tags?post=19870"}],"curies":[{"name":"wp","href":"https:\/\/api.w.org\/{rel}","templated":true}]}}