{"id":19909,"date":"2024-12-29T16:45:23","date_gmt":"2024-12-29T16:45:23","guid":{"rendered":"https:\/\/247stiri.ro\/index.php\/2024\/12\/29\/ordonanta-trenulet-reactia-industriei-it-un-semnal-profund-negativ\/"},"modified":"2024-12-29T16:45:23","modified_gmt":"2024-12-29T16:45:23","slug":"ordonanta-trenulet-reactia-industriei-it-un-semnal-profund-negativ","status":"publish","type":"post","link":"https:\/\/247stiri.ro\/index.php\/2024\/12\/29\/ordonanta-trenulet-reactia-industriei-it-un-semnal-profund-negativ\/","title":{"rendered":"Ordonan\u021ba trenule\u021b. Reac\u021bia industriei IT: \u201eUn semnal profund negativ\u201d"},"content":{"rendered":"<p>Asocia\u0163ia Patronal\u0103 a Industriei de Software \u015fi Servicii (ANIS) reac\u0163ioneaz\u0103 \u00een urma public\u0103rii \u00een consultare public\u0103 a celei mai recente versiuni a Ordonan\u0163ei &#8222;Trenule\u0163&#8221; ar\u0103t\u00e2nd c\u0103 devansarea calendarului pentru eliminarea facilit\u0103\u0163ilor fiscale pentru industria IT, \u00eencep\u00e2nd cu ianuarie 2025, reprezint\u0103 un semnal profund negativ fa\u0163\u0103 de un sector strategic al economiei rom\u00e2ne\u015fti, tratat cu superficialitate.<\/p>\n<p>Modific\u0103rile fiscale majore care influen\u0163eaz\u0103 \u00eentr-un mod brutal dinamica industriei risc\u0103 s\u0103 submineze progresul economic al Rom\u00e2niei \u015fi s\u0103 afecteze profund climatul de afaceri, mai spune Asocia\u0163ia Patronal\u0103 a Industriei de Software \u015fi Servicii<\/p>\n<p>\u201dNoul proiect de Ordonan\u0163\u0103 de Urgen\u0163\u0103 care propune modific\u0103ri abrupte \u015fi intempestive ale politicii fiscale, \u00een lipsa unei consult\u0103ri reale cu mediul de afaceri, sfideaz\u0103 principiile fundamentale de stabilitate \u015fi predictibilitate fiscal\u0103. Devansarea calendarului pentru eliminarea facilit\u0103\u0163ilor fiscale pentru industria IT, \u00eencep\u00e2nd cu ianuarie 2025, reprezint\u0103 un semnal profund negativ fa\u0163\u0103 de un sector strategic al economiei rom\u00e2ne\u015fti, tratat cu superficialitate\u201d, arat\u0103 ANIS \u00eentr-un comunicat oficial.<\/p>\n<p>ANIS aminte\u015fte faptul c\u0103 \u201deliminarea facilit\u0103\u0163ilor fiscale pentru industria IT, ca parte a reformelor prev\u0103zute prin Planul Na\u0163ional de Redresare \u015fi Rezilien\u0163\u0103 (PNRR), a fost prev\u0103zut\u0103 pentru anul 2028\u201d. \u201d\u00cen noiembrie 2023, facilitatea a fost amputat\u0103 cu aplicare \u00een c\u0203teva zile, destabiliz\u0203nd industria. Devansarea acestui calendar, printr-o m\u0103sur\u0103 luat\u0103 \u00eenc\u0103 o dat\u0103 \u00eentr-un mod intempestiv, pune \u00een pericol stabilitatea unuia dintre cele mai performante sectoare economice din Rom\u00e2nia \u015fi alimenteaz\u0103 climatul de incertitudine pentru companii, afect\u00e2nd grav planificarea strategic\u0103 \u015fi \u00eencrederea investitorilor\u201d, subliniaz\u0103 Asocia\u0163ia.<\/p>\n<p>Conform studiului ANIS, eliminarea facilit\u0103\u0163ii fiscale va avea ca efect reducerea competitivit\u0103\u0163ii industriei pe pia\u0163a global\u0103, prin cre\u015fterea costului cu for\u0163a de munc\u0103, precum \u015fi diminuarea, \u00een continuare, a num\u0103rului de locuri de munc\u0103, deja \u00een sc\u0103dere cu circa 10.000 \u00een anul 2023.<\/p>\n<p>ANIS avertizeaz\u0103 c\u0103 astfel de m\u0103suri risc\u0103 s\u0103 izoleze Rom\u00e2nia pe scena global\u0103 a tehnologiei prin descurajarea investi\u0163iilor \u015fi inten\u0163iilor companiilor pentru pia\u0163a din Rom\u00e2nia, \u015fi s\u0103 compromit\u0103 eforturile de a transforma economia \u00eentr-una digital\u0103 \u015fi competitiv\u0103.<\/p>\n<p>\u201cDin nou, Guvernul ignor\u0103 legisla\u0163ia \u00een materie de predictibilitate fiscal\u0103 \u015fi orice dialog cu mediul de afaceri \u015fi antreprenorii care \u0163in economia na\u0163ional\u0103 \u00een picioare, creeaz\u0103 locuri de munc\u0103 \u015fi pl\u0103tesc impozite. Eliminarea facilit\u0103\u0163ii \u00een acest context poate avea un impact negativ sever nu doar asupra industriei, prin reduceri masive de locuri de munc\u0103, retragerea unor companii interna\u0163ionale sau redirec\u0163ionarea investi\u0163iilor c\u0103tre alte \u0163\u0103ri, dar \u015fi destabilizarea economiei \u00een ansamblu, \u00eentr-un moment critic pentru digitalizare \u015fi retehnologizare, strict necesare pentru a men\u0163ine competitivitatea companiilor rom\u0203ne\u015fti\u201d, a spus Edward Cre\u0163escu, pre\u015fedintele ANIS.<\/p>\n<p>ANIS mai transmite c\u0103 sectorul IT a demonstrat un rol esen\u0163ial \u00een rezilien\u0163a economiei na\u0163ionale, inclusiv \u00een perioade de criz\u0103. Doar \u00een ultimii cinci ani, excedentul la export al industriei a fost de peste 20 miliarde euro. Contribu\u0163ia direct\u0103 sectorului la PIB este de circa 8%, dar acesta contribuie prin efectele indirect \u015fi indus cu peste 14% la PIB. De asemenea, efectul de antrenare pe pia\u0163a for\u0163ei de munc\u0103 este de circa 15% din num\u0103rul total de salaria\u0163i din economie. \u201dModific\u0103rile fiscale majore care influen\u0163eaz\u0103 \u00eentr-un mod brutal dinamica industriei risc\u0103 s\u0103 submineze progresul economic al Rom\u00e2niei \u015fi s\u0103 afecteze profund climatul de afaceri\u201d, spune Asocia\u0163ia Patronal\u0103 a Industriei de Software \u015fi Servicii.<\/p>\n<p>ANIS face un apel ferm c\u0103tre Guvern s\u0103:<\/p>\n<p>1.Revin\u0103 la masa discu\u0163iilor cu sectorul privat, respect\u00e2nd angajamentele asumate \u00een Programul de Guvernare pentru un parteneriat real cu mediul de afaceri, \u00een vederea identific\u0103rii unor solu\u0163ii echilibrate pentru reducerea deficitului bugetar.<\/p>\n<p>2.Reanalizeze decizia de accelerare a elimin\u0103rii facilit\u0103\u0163ilor fiscale pentru industria de IT \u015fi s\u0103 revin\u0103 \u00eentr-un calendar predictibil, conform cadrului legal \u00een vigoare, care s\u0103 permit\u0103 companiilor adaptarea gradual\u0103 la noile condi\u0163ii fiscale.<\/p>\n<p>3.Demareze un dialog real cu industria IT pentru a identifica solu\u0163ii care s\u0103 sprijine competitivitatea \u015fi s\u0103 valorifice poten\u0163ialul acestui sector de a contribui la digitalizarea economiei rom\u00e2ne\u015fti \u015fi la cre\u015fterea economic\u0103, \u00een ansamblu.<\/p>","protected":false},"excerpt":{"rendered":"<p>Asocia\u0163ia Patronal\u0103 a Industriei de Software \u015fi Servicii (ANIS) reac\u0163ioneaz\u0103 \u00een urma public\u0103rii \u00een consultare&hellip;<\/p>\n","protected":false},"author":0,"featured_media":19910,"comment_status":"open","ping_status":"open","sticky":false,"template":"","format":"standard","meta":{"footnotes":""},"categories":[2],"tags":[],"class_list":["post-19909","post","type-post","status-publish","format-standard","has-post-thumbnail","hentry","category-actual"],"_links":{"self":[{"href":"https:\/\/247stiri.ro\/index.php\/wp-json\/wp\/v2\/posts\/19909","targetHints":{"allow":["GET"]}}],"collection":[{"href":"https:\/\/247stiri.ro\/index.php\/wp-json\/wp\/v2\/posts"}],"about":[{"href":"https:\/\/247stiri.ro\/index.php\/wp-json\/wp\/v2\/types\/post"}],"replies":[{"embeddable":true,"href":"https:\/\/247stiri.ro\/index.php\/wp-json\/wp\/v2\/comments?post=19909"}],"version-history":[{"count":0,"href":"https:\/\/247stiri.ro\/index.php\/wp-json\/wp\/v2\/posts\/19909\/revisions"}],"wp:featuredmedia":[{"embeddable":true,"href":"https:\/\/247stiri.ro\/index.php\/wp-json\/wp\/v2\/media\/19910"}],"wp:attachment":[{"href":"https:\/\/247stiri.ro\/index.php\/wp-json\/wp\/v2\/media?parent=19909"}],"wp:term":[{"taxonomy":"category","embeddable":true,"href":"https:\/\/247stiri.ro\/index.php\/wp-json\/wp\/v2\/categories?post=19909"},{"taxonomy":"post_tag","embeddable":true,"href":"https:\/\/247stiri.ro\/index.php\/wp-json\/wp\/v2\/tags?post=19909"}],"curies":[{"name":"wp","href":"https:\/\/api.w.org\/{rel}","templated":true}]}}