{"id":19911,"date":"2024-12-29T16:45:23","date_gmt":"2024-12-29T16:45:23","guid":{"rendered":"https:\/\/247stiri.ro\/index.php\/2024\/12\/29\/sindicalistii-din-penitenciare-ies-la-proteste-pe-final-de-an-se-strang-sa-si-strige-nemultumirile-luni-in-piata-victoriei\/"},"modified":"2024-12-29T16:45:23","modified_gmt":"2024-12-29T16:45:23","slug":"sindicalistii-din-penitenciare-ies-la-proteste-pe-final-de-an-se-strang-sa-si-strige-nemultumirile-luni-in-piata-victoriei","status":"publish","type":"post","link":"https:\/\/247stiri.ro\/index.php\/2024\/12\/29\/sindicalistii-din-penitenciare-ies-la-proteste-pe-final-de-an-se-strang-sa-si-strige-nemultumirile-luni-in-piata-victoriei\/","title":{"rendered":"Sindicali\u0219tii din penitenciare ies la proteste, pe final de an. Se str\u00e2ng s\u0103-\u0219i strige nemul\u021bumirile luni, \u00een Pia\u021ba Victoriei"},"content":{"rendered":"<p>Sindicatele din penitenciare anun\u0163\u0103 c\u0103 angaja\u0163i din sistemul penitenciar \u015fi poli\u0163i\u015fti vor participa, luni, la un protest care va avea loc \u00een fa\u0163a sediului Guvernului, angaja\u0163ii din ceste domenii fiind nemul\u0163umi\u0163i de \u201et\u0103ierile salariale\u201d \u015fi avertiz\u00e2nd: \u201eCriza financiar\u0103 genereaz\u0103 criz\u0103 social\u0103\u201d.<\/p>\n<p>\u201eLuni, 30.12.2024, ora 12:30, poli\u0163i\u015ftii \u015fi poli\u0163i\u015ftii de penitenciare protesteaz\u0103 \u00een fa\u0163a Guvernului Rom\u00e2niei \u00eempotriva m\u0103surilor de austeritate impuse de Ordonan\u0163a trenule\u0163. \u00centr-o manier\u0103 iresponsabil\u0103, f\u0103r\u0103 s\u0103 se g\u00e2ndeasc\u0103 la consecin\u0163e, Guvernul nu \u00eenghea\u0163\u0103 salariile angaja\u0163ilor din sectorul de ap\u0103rare, ordine public\u0103 \u015fi securitate na\u0163ional\u0103, ci taie salariile acestei categorii socio-profesionale, situa\u0163ie care va conduce la deprofesionalizarea institu\u0163iilor de for\u0163\u0103 ale statului. Clasa politic\u0103 vrea poli\u0163i\u015fti, jandarmi, pompieri, poli\u0163i\u015fti de penitenciare, militari, SRI-i\u015fti, SPP-i\u015fti, SIE-i\u015fti care s\u0103 posede doar dou\u0103 calit\u0103\u0163i: 1. s\u0103 aib\u0103 CNP rom\u00e2nesc \u015fi 2. s\u0103 respire, deoarece niciun rom\u00e2n competent, cu principii \u015fi valori etice nu va mai vrea s\u0103 poarte uniforma statului pe 3000 de lei salariu lunar\u201d, se arat\u0103 \u00eentr-un comunicat dat publicit\u0103\u0163ii duminic\u0103 dup\u0103 amiaz\u0103 de Federa\u0163ia Sindicatelor din Administra\u0163ia Na\u0163ional\u0103 a Penitenciarelor (FSANP).<\/p>\n<p>Sindicali\u015ftii din penitenciare atrag aten\u0163ia c\u0103, sin cauza t\u0103ierilor salariale, \u00een anul 2025, \u201e\u00een sistemul penitenciar se prefigureaz\u0103 o nou\u0103 criz\u0103 a resursei umane, pe fondul unei situa\u0163ii deja alarmante din perspectiva lipsei de personal\u201d.<\/p>\n<p>Federa\u0163ia sindical\u0103 consider\u0103 c\u0103 \u201eeste imperios necesar\u0103 identificarea unei solu\u0163ii fiscal-bugetare care s\u0103 garanteze capacitatea poli\u0163iei penitenciare de a-\u015fi atinge obiectivele prev\u0103zute \u00een materia execu\u0163ional-penal\u0103\u201d, atr\u0103g\u00e2nd aten\u0163ia c\u0103, \u201e\u00een caz contrar, sistemul penitenciar se va bloca, drepturile persoanelor private de libertate nu vor mai putea fi acordate, urm\u00e2nd o serie de revolte ale de\u0163inu\u0163ilor \u00een penitenciare \u015fi condamn\u0103ri ale Rom\u00e2niei la CEDO\u201d.<\/p>\n<p>\u201dFSANP consider\u0103 c\u0103, din cauza deficitului acut de personal de peste 30%, neplata muncii suplimentare \u015fi a muncii \u00een zile de s\u00e2mb\u0103t\u0103, duminic\u0103 \u015fi s\u0103rb\u0103tori legale, vor pune pe butuci structurile din sectorul de ap\u0103rare, ordine public\u0103 \u015fi securitate na\u0163ional\u0103, deoarece niciun angajat din institu\u0163iile de for\u0163\u0103 nu va mai dori s\u0103 munceasc\u0103 gratis, doar dac\u0103 este obligat s\u0103 desf\u0103\u015foare munc\u0103 for\u0163at\u0103, noua form\u0103 de sclavie modern\u0103, impus\u0103 de Ordonan\u0163a trenule\u0163, situa\u0163ie nedorit\u0103 care va afecta calitatea serviciilor oferite cet\u0103\u0163enilor de aceste institu\u0163iile ale statului, f\u0103c\u00e2ndu-le neatractive, spre bucuria infractorilor care u\u015for, u\u015for vor pune st\u0103p\u00e2nire pe Rom\u00e2nia\u201d, se mai arat\u0103 \u00een documentul citat.<\/p>","protected":false},"excerpt":{"rendered":"<p>Sindicatele din penitenciare anun\u0163\u0103 c\u0103 angaja\u0163i din sistemul penitenciar \u015fi poli\u0163i\u015fti vor participa, luni, la&hellip;<\/p>\n","protected":false},"author":0,"featured_media":19912,"comment_status":"open","ping_status":"open","sticky":false,"template":"","format":"standard","meta":{"footnotes":""},"categories":[2],"tags":[],"class_list":["post-19911","post","type-post","status-publish","format-standard","has-post-thumbnail","hentry","category-actual"],"_links":{"self":[{"href":"https:\/\/247stiri.ro\/index.php\/wp-json\/wp\/v2\/posts\/19911","targetHints":{"allow":["GET"]}}],"collection":[{"href":"https:\/\/247stiri.ro\/index.php\/wp-json\/wp\/v2\/posts"}],"about":[{"href":"https:\/\/247stiri.ro\/index.php\/wp-json\/wp\/v2\/types\/post"}],"replies":[{"embeddable":true,"href":"https:\/\/247stiri.ro\/index.php\/wp-json\/wp\/v2\/comments?post=19911"}],"version-history":[{"count":0,"href":"https:\/\/247stiri.ro\/index.php\/wp-json\/wp\/v2\/posts\/19911\/revisions"}],"wp:featuredmedia":[{"embeddable":true,"href":"https:\/\/247stiri.ro\/index.php\/wp-json\/wp\/v2\/media\/19912"}],"wp:attachment":[{"href":"https:\/\/247stiri.ro\/index.php\/wp-json\/wp\/v2\/media?parent=19911"}],"wp:term":[{"taxonomy":"category","embeddable":true,"href":"https:\/\/247stiri.ro\/index.php\/wp-json\/wp\/v2\/categories?post=19911"},{"taxonomy":"post_tag","embeddable":true,"href":"https:\/\/247stiri.ro\/index.php\/wp-json\/wp\/v2\/tags?post=19911"}],"curies":[{"name":"wp","href":"https:\/\/api.w.org\/{rel}","templated":true}]}}