{"id":19916,"date":"2024-12-29T17:45:50","date_gmt":"2024-12-29T17:45:50","guid":{"rendered":"https:\/\/247stiri.ro\/index.php\/2024\/12\/29\/orasul-din-romania-care-renunta-in-noaptea-de-revelion-la-binecunoscutele-artificii-pe-cer\/"},"modified":"2024-12-29T17:45:50","modified_gmt":"2024-12-29T17:45:50","slug":"orasul-din-romania-care-renunta-in-noaptea-de-revelion-la-binecunoscutele-artificii-pe-cer","status":"publish","type":"post","link":"https:\/\/247stiri.ro\/index.php\/2024\/12\/29\/orasul-din-romania-care-renunta-in-noaptea-de-revelion-la-binecunoscutele-artificii-pe-cer\/","title":{"rendered":"Ora\u0219ul din Rom\u00e2nia care renun\u021b\u0103, \u00een noaptea de Revelion, la binecunoscutele artificii pe cer\u00a0"},"content":{"rendered":"<p>n Cluj-Napoca, \u00een noaptea de revelion nu vor ap\u0103rea binecunoscutele artificii pe cer. Prim\u0103ria municipiului a anun\u021bat c\u0103 spectacolul zgomotos, care aduce un stres foarte mare pentru animale, va fi \u00eenlocuit cu unul de lasere \u0219i drone.<\/p>\n<p>Decizia pare s\u0103 fi fost primit\u0103 cu bra\u021bele deschise de clujeni, care \u0219i-au exprimat mul\u021bumirile fa\u021b\u0103 de prim\u0103rie \u00een comentarii pe Facebook, scrie <a href=\"https:\/\/www.stiridecluj.ro\/social\/cluj-napoca-revolutioneaza-revelionul-ce-au-pregatit-organizatorii-la-trecerea-dintre-ani-pentru-binele-animalelor\" target=\"_blank\">\u0218tiri de Cluj<\/a> duminic\u0103, 29 decembrie. Sunetele puternice ale petardelor \u0219i artificiilor sunt percepute la intensitate \u0219i mai mare de animale, care se pot speria \u0219i ajung s\u0103 fug\u0103.<\/p>\n<p>\u201eTrecerea \u00een noul an se va face la Cluj f\u0103r\u0103 focul de artificii, din dragoste pentru mediu \u0219i pentru animalele de companie. Focurile de artificii sunt deja parte a trecutului, nu parte a viitorului\u201d, a declarat primarul Emil Boc, <a href=\"https:\/\/ziardecluj.ro\/fara-artificii-de-revelion-la-cluj-napoca\/\" target=\"_blank\">transmite<\/a> Ziar de Cluj. Renun\u021barea la artificii a venit \u00eenc\u0103 de la 1 decembrie, c\u00e2nd spectacolul a fost asigurat de proiec\u021bii la \u00een\u0103l\u021bime.<\/p>\n<p>\u0218i \u00een alte \u021b\u0103ri autorit\u0103\u021bile organizeaz\u0103 mai nou spectacole f\u0103r\u0103 zgomote puternice. \u00cen urm\u0103 cu c\u00e2teva zile, presa eston\u0103 a anun\u021bat c\u0103 \u00een capitala Talinn va fi organizat un spectacol de lumini, <a href=\"https:\/\/www.baltictimes.com\/tallinn_skips_fireworks__public_transport_to_run_longer_after_new_year_s_celebration\/\" target=\"_blank\">conform<\/a> Baltic Times.<\/p>\n<p>\u201eDe\u0219i artificiile pot fi captivante din punct de vedere vizual, ele vin \u00een detrimentul mediului nostru. Prin eliminarea artificiilor, protej\u0103m mediul \u00eenconjur\u0103tor \u0219i animalele, precum \u0219i p\u0103s\u0103rile, care percep zgomotul mult mai intens. \u00cen schimb, oamenii se pot bucura de un spectacol de lumini extraordinar\u201d, a spus primarul Jevgeni Ossinovski.<\/p>","protected":false},"excerpt":{"rendered":"<p>n Cluj-Napoca, \u00een noaptea de revelion nu vor ap\u0103rea binecunoscutele artificii pe cer. Prim\u0103ria municipiului&hellip;<\/p>\n","protected":false},"author":0,"featured_media":19917,"comment_status":"open","ping_status":"open","sticky":false,"template":"","format":"standard","meta":{"footnotes":""},"categories":[2],"tags":[],"class_list":["post-19916","post","type-post","status-publish","format-standard","has-post-thumbnail","hentry","category-actual"],"_links":{"self":[{"href":"https:\/\/247stiri.ro\/index.php\/wp-json\/wp\/v2\/posts\/19916","targetHints":{"allow":["GET"]}}],"collection":[{"href":"https:\/\/247stiri.ro\/index.php\/wp-json\/wp\/v2\/posts"}],"about":[{"href":"https:\/\/247stiri.ro\/index.php\/wp-json\/wp\/v2\/types\/post"}],"replies":[{"embeddable":true,"href":"https:\/\/247stiri.ro\/index.php\/wp-json\/wp\/v2\/comments?post=19916"}],"version-history":[{"count":0,"href":"https:\/\/247stiri.ro\/index.php\/wp-json\/wp\/v2\/posts\/19916\/revisions"}],"wp:featuredmedia":[{"embeddable":true,"href":"https:\/\/247stiri.ro\/index.php\/wp-json\/wp\/v2\/media\/19917"}],"wp:attachment":[{"href":"https:\/\/247stiri.ro\/index.php\/wp-json\/wp\/v2\/media?parent=19916"}],"wp:term":[{"taxonomy":"category","embeddable":true,"href":"https:\/\/247stiri.ro\/index.php\/wp-json\/wp\/v2\/categories?post=19916"},{"taxonomy":"post_tag","embeddable":true,"href":"https:\/\/247stiri.ro\/index.php\/wp-json\/wp\/v2\/tags?post=19916"}],"curies":[{"name":"wp","href":"https:\/\/api.w.org\/{rel}","templated":true}]}}