{"id":19920,"date":"2024-12-29T17:45:50","date_gmt":"2024-12-29T17:45:50","guid":{"rendered":"https:\/\/247stiri.ro\/index.php\/2024\/12\/29\/caz-unic-in-istoria-justitiei-romanesti-un-denuntator-a-obligat-dna-sa-i-comunice-ordonanta-de-clasare-in-cazul-fostului-deputat-psd-ion-mocioalca\/"},"modified":"2024-12-29T17:45:50","modified_gmt":"2024-12-29T17:45:50","slug":"caz-unic-in-istoria-justitiei-romanesti-un-denuntator-a-obligat-dna-sa-i-comunice-ordonanta-de-clasare-in-cazul-fostului-deputat-psd-ion-mocioalca","status":"publish","type":"post","link":"https:\/\/247stiri.ro\/index.php\/2024\/12\/29\/caz-unic-in-istoria-justitiei-romanesti-un-denuntator-a-obligat-dna-sa-i-comunice-ordonanta-de-clasare-in-cazul-fostului-deputat-psd-ion-mocioalca\/","title":{"rendered":"Caz unic \u00een istoria justi\u021biei rom\u00e2ne\u0219ti! Un denun\u021b\u0103tor a obligat DNA s\u0103-i comunice ordonan\u021ba de clasare \u00een cazul fostului deputat PSD Ion Mocioalc\u0103"},"content":{"rendered":"<p>Culmea ironiei e c\u0103 pl\u00e2ngerea depus\u0103 \u00een instan\u021ba de judecat\u0103 de c\u0103tre Zarcula este motivat\u0103 pe accesul liber la justi\u021bie, cu at\u00e2t mai mult cu c\u00e2t \u0219eful institu\u021biei publice din Banat este \u00eensu\u0219i denun\u021b\u0103torul pesedistului Mocioalc\u0103.<\/p>\n<p>Litigiul dintre \u0219eful Direc\u021biei Agricole Cara\u0219-Severin \u0219i DNA Timi\u0219oara a demarat pe data de 16 octombrie 2023, atunci c\u00e2nd procurorii anticorup\u021bie au refuzat s\u0103-i comunice denun\u021b\u0103torului ordonan\u021ba de clasare, \u00een cazul vicepre\u0219edintelui de la Curtea de Conturi a Rom\u00e2niei. Cum nu a putut s\u0103 afle motivele legale, care au stat la baza solu\u021biei magistra\u021bilor, \u0219i nici s\u0103 conteste decizia pe cale ierarhic\u0103, Marius Zarcula a dat \u00een judecat\u0103 DNA Timi\u0219oara,\u00a0pe 18 decembrie 2023, la Tribunalul Cara\u0219-Severin. A\u0219a cum rezult\u0103 din dosarul cauzei, \u00een prim\u0103 faz\u0103, procurorii \u0219i-au motivat decizia pe faptul c\u0103, \u00een \u00een\u021belesul legii, denun\u021b\u0103torul nu are calitatea de \u201epersoan\u0103 interesat\u0103\u201d.<\/p>\n<p>Totu\u0219i, pe data de 12 iunie 2024, prin Sentin\u021ba Civil\u0103 nr. 360, judec\u0103torii c\u0103r\u0103\u0219eni i-au dat dreptate lui Marius Zarcula, motiv\u00e2nd c\u0103 nimeni nu poate \u00eempiedica exercitarea dreptului constitu\u0163ional de acces la justi\u0163ie, respectiv dreptul la o cale de atac prev\u0103zut\u0103 de lege. \u00cen concluzie, Tribunalul Cara\u0219-Severin a obligat DNA s\u0103 \u00eei comunice \u0219efului Direc\u021biei Agricole Cara\u0219-Severin ordonan\u021ba de clasare, pronun\u021bat\u0103 \u00een cazul fostului parlamentar Ion Mocioalc\u0103. \u201eTribunalul constat\u0103 c\u0103\u00a0reclamantul este \u00eendrept\u0103\u0163it la ob\u0163inerea unei copii a\u00a0ordonan\u0163ei de clasare din data de 6 octombrie 2023, fiind martor denun\u0163\u0103tor, deci persoan\u0103 care a f\u0103cut sesizarea.\u00a0Prin necomunicarea ordonan\u0163ei de clasare reclamantului, de\u015fi acesta era \u00eendept\u0103\u0163it,\u00a0practic este \u00eempiedicat s\u0103 formuleze o pl\u00e2ngere \u00eentemeiat\u0103\u00a0pe dispozi\u0163iile art. 340 Cod procedur\u0103 penal\u0103, aspect care nu respect\u0103 exigen\u0163ele art. 6 din Conven\u0163ia European\u0103 a Drepturilor Omului\u2026\u201d.<\/p>\n<p>Cum decizia magistra\u021bilor nu a fost definitiv\u0103, pe data de 6 august 2024, DNA Timi\u0219oara a atacat-o cu recurs, la Curtea de Apel Timi\u0219oara. Doar c\u0103, pe 21 noiembrie a.c., prin Hot\u0103r\u00e2rea nr. 1156, care a r\u0103mas\u00a0definitiv\u0103, judec\u0103torii b\u0103n\u0103\u021beni au p\u0103strat solu\u021bia colegilor din Cara\u0219-Severin, oblig\u00e2nd procurorii anticorup\u021bie s\u0103 pun\u0103 la dispozi\u021bia func\u021bionarului public Marius Zarcula o copie dup\u0103 ordonan\u021ba de clasare, care a stat la baza denun\u021bului \u00eempotriva pesedistului Ion Mocioalc\u0103: \u201dAdmite excep\u0163ia inadmisibilit\u0103\u0163ii recursului.\u00a0Respinge ca inadmisibil recursul formulat de formulat de recurenta Direc\u0163ia Na\u0163ional\u0103 Anticorup\u0163ie, \u00eempotriva sentin\u0163ei civile nr. 360\/12.06.2024 pronun\u0163at\u0103 de Tribunalul Cara\u015f-Severin, \u00een dosarul nr. 2369\/115\/2023, \u00een contradictoriu cu intimatul-reclamant Zarcula Iosif Marius \u015fi intimata-p\u00e2r\u00e2t\u0103 Direc\u0163ia Na\u0163ional\u0103 Anticorup\u0163ie Serviciul Teritorial Timi\u015foara\u201d.<\/p>\n<p>Avocata reclamantului, Loredana Sabo, a declarat pentru jurnali\u0219ti c\u0103, imediat dup\u0103 ce-i va fi comunicat\u0103 sentin\u021ba de la Curtea de Apel Timi\u0219oara, va \u00eencepe executarea silit\u0103 a DNA, p\u00e2n\u0103 la eliberarea unei copii dup\u0103 ordonan\u021ba de clasare, dispus\u0103 \u00een favoarea fostului deputat PSD Ion Mocioalc\u0103: \u201eNu m\u0103 mai rog de nimeni s\u0103-mi comunice o ordonan\u021b\u0103. Pur \u0219i simplu o s\u0103 m\u0103 duc la un executor judec\u0103toresc \u0219i o s\u0103 \u00eencep procedura, pe daune cominatorii. Primul pas este o notificare. O s\u0103 cer \u00eentre patru \u0219i cinci mii de euro pentru fiecare zi de \u00eent\u00e2rziere\u2026\u201d. Ap\u0103r\u0103toarea \u0219efului Direc\u021biei Agricole Cara\u0219-Severin a mai afirmat, \u00een acela\u0219i context c\u0103, \u00een momentul \u00een care va intra \u00een posesia ordonan\u021bei DNA Timi\u0219oara, o va contesta, conform procedurii, la procurorul ierarhic superior iar, dac\u0103 va fi respins\u0103, va merge \u00een instan\u021b\u0103: \u201eE foarte grav\u0103 pentru c\u0103 vine din partea unei institu\u021bii a statului care ar trebui s\u0103 se ocupe \u00een adev\u0103ratul sens al cuv\u00e2ntului de anticorup\u021bie.\u00a0S\u0103 nu mai mim\u0103m combaterea corup\u021biei\u2026\u201d.<\/p>\n<p>DNA Timi\u0219oara, a\u0219a cum informeaz\u0103 \u0219i jurnali\u0219tii de la PressHub, a clasat dosarul lui Ion Mocioalc\u0103,\u00a0baron local de Cara\u0219-Severin,\u00a0cu patru zile \u00eenainte\u00a0ca acesta s\u0103 fie numit, de c\u0103tre Parlament, \u00een func\u021bia de vicepre\u0219edinte al Cur\u021bii de Conturi a Rom\u00e2niei. Mocioalc\u0103 a fost ales de plenul reunit al Camerei Deputa\u0163ilor \u015fi Senatului, pe\u00a010 octombrie 2023, iar dosarul s\u0103u, a\u0219a cum rezult\u0103 din probe, a fost \u00eenchis de c\u0103tre procurorii anticorup\u021bie,\u00a0pe 6 octombrie 2023. Cu o zi \u00eenainte, pe data de\u00a05 octombrie 2023, parlamentarul c\u0103r\u0103\u0219an a demisionat din func\u021bia de senator PSD, pentru a fi numit la Curtea de Conturi. Abia pe data de\u00a016 octombrie 2023, DNA Timi\u0219oara a comunicat denun\u021b\u0103torului Marius Zarcula solu\u021bia de albire pentru pesedistul Ion Mocioalc\u0103.<\/p>\n<p>Acum, pentru cei care nu \u0219tiu, Ion Mocioalc\u0103, potrivit portalului\u00a0<a href=\"https:\/\/nutotei.ro\/politruc\/ion-mocioalca\">Integritate pe bune<\/a>, a fost m\u00e2na dreapt\u0103 a lui Ioan Talpe\u0219 director SIE \u00eentre 1992 \u0219i 1997. Numele s\u0103u a ap\u0103rut \u00een scandalul deputa\u021bilor din Parlamentul Rom\u00e2niei cu dosare de re\u021bea la Securitate, fiind de notorietate c\u0103, \u00een tinere\u021bea sa a fost\u00a0racolat de colonelul Nicolae Georgescu \u0219i, ulterior, coordonat de ofi\u021berul Vasile \u0218erban de la UM 01753 din Caransebe\u0219. Printre altele, fiica lui Ion Mocioalc\u0103 a fost cununat\u0103 religios de fostul premier, Victor Ponta, ginerele fostului ministru al agriculturii Ilie S\u00e2rbu, pe al c\u0103rui loc, la Curtea de Conturi, s-a instalat, \u00een urm\u0103 cu un an de zile, pesedistul de Caras-Severin.\u00a0\u00cen acela\u0219i context, Mocioalc\u0103 este na\u0219ul de cununie a lui Silviu Hurduzeu, pre\u0219edintele CJ Caras-Severin, \u0219i al omului de afaceri Ion Bejeri\u021b\u0103 (Johnny), consilier al primului-ministru Marcel Ciolacu.<\/p>\n<p>\u00a0<\/p>\n<p>\u00cen 2014, pe vremea c\u00e2nd se \u00eendeletnicea cu vicepre\u0219edin\u021bia PSD \u00een Timi\u0219, finul Bejeri\u021b\u0103, mufat p\u00e2n\u0103 la refuz, direct sau indirect, pe tot ce \u00eenseamn\u0103 construc\u021bii de drumuri \u00een Cara\u0219-Severin \u0219i Timi\u0219, a fost s\u0103ltat de masca\u021bi \u0219i pus \u00een arest la domiciliu pentru s\u0103v\u00e2r\u0219irea infrac\u021biunilor de evaziune fiscal\u0103, fals \u00een \u00eenscrisuri sub semn\u0103tur\u0103 privat\u0103 \u015fi sp\u0103lare de bani. Procesul nu e gata nici azi. Ce e important de men\u021bionat e c\u0103 totu\u0219i, cu ocazia Zilei Na\u021bionale, pe 1 Decembrie 2024, Klaus Iohannis l-a ridicat pe Ion Mocioalc\u0103 \u00een grad de cavaler, \u201d\u00een semn de \u00eenalt\u0103 apreciere pentru integritatea, d\u0103ruirea \u0219i profesionalismul de care a dat dovad\u0103, \u00een exercitarea actului de control, contribuind la o mai bun\u0103 \u00eentrebuin\u021bare a resurselor financiare ale statului rom\u00e2n\u201d.<\/p>","protected":false},"excerpt":{"rendered":"<p>Culmea ironiei e c\u0103 pl\u00e2ngerea depus\u0103 \u00een instan\u021ba de judecat\u0103 de c\u0103tre Zarcula este motivat\u0103&hellip;<\/p>\n","protected":false},"author":0,"featured_media":19921,"comment_status":"open","ping_status":"open","sticky":false,"template":"","format":"standard","meta":{"footnotes":""},"categories":[2],"tags":[],"class_list":["post-19920","post","type-post","status-publish","format-standard","has-post-thumbnail","hentry","category-actual"],"_links":{"self":[{"href":"https:\/\/247stiri.ro\/index.php\/wp-json\/wp\/v2\/posts\/19920","targetHints":{"allow":["GET"]}}],"collection":[{"href":"https:\/\/247stiri.ro\/index.php\/wp-json\/wp\/v2\/posts"}],"about":[{"href":"https:\/\/247stiri.ro\/index.php\/wp-json\/wp\/v2\/types\/post"}],"replies":[{"embeddable":true,"href":"https:\/\/247stiri.ro\/index.php\/wp-json\/wp\/v2\/comments?post=19920"}],"version-history":[{"count":0,"href":"https:\/\/247stiri.ro\/index.php\/wp-json\/wp\/v2\/posts\/19920\/revisions"}],"wp:featuredmedia":[{"embeddable":true,"href":"https:\/\/247stiri.ro\/index.php\/wp-json\/wp\/v2\/media\/19921"}],"wp:attachment":[{"href":"https:\/\/247stiri.ro\/index.php\/wp-json\/wp\/v2\/media?parent=19920"}],"wp:term":[{"taxonomy":"category","embeddable":true,"href":"https:\/\/247stiri.ro\/index.php\/wp-json\/wp\/v2\/categories?post=19920"},{"taxonomy":"post_tag","embeddable":true,"href":"https:\/\/247stiri.ro\/index.php\/wp-json\/wp\/v2\/tags?post=19920"}],"curies":[{"name":"wp","href":"https:\/\/api.w.org\/{rel}","templated":true}]}}