{"id":19927,"date":"2024-12-29T18:45:29","date_gmt":"2024-12-29T18:45:29","guid":{"rendered":"https:\/\/247stiri.ro\/index.php\/2024\/12\/29\/calin-georgescu-presedintele-ales-marcel-ciolacu-a-negociat-si-a-vandut-romania-video\/"},"modified":"2024-12-29T18:45:29","modified_gmt":"2024-12-29T18:45:29","slug":"calin-georgescu-presedintele-ales-marcel-ciolacu-a-negociat-si-a-vandut-romania-video","status":"publish","type":"post","link":"https:\/\/247stiri.ro\/index.php\/2024\/12\/29\/calin-georgescu-presedintele-ales-marcel-ciolacu-a-negociat-si-a-vandut-romania-video\/","title":{"rendered":"C\u0103lin Georgescu, pre\u0219edintele ales: \u201eMarcel Ciolacu a negociat \u0219i a v\u00e2ndut Rom\u00e2nia!\u201d VIDEO"},"content":{"rendered":"<p>Pre\u0219edintele ales spune c\u0103 Marcel Ciolacu a negociat \u0219i a v\u00e2ndut \u021bara ungurilor, la ultima vizit\u0103 a premierului Viktor Orban \u00een Rom\u00e2nia.\u00a0<\/p>\n<p><a href=\"https:\/\/www.realitatea.net\/stiri\/actual\/cum-il-pot-inlatura-pe-presedintele-ales-calin-georgescu-un-fost-sef-al-ccr-explica_67716ce247a2726d3341e0e6\" target=\"_blank\">Cum \u00eel pot \u00eenl\u0103tura pe pre\u0219edintele ales &#8211; C\u0103lin Georgescu. Un fost \u0219ef al CCR explic\u0103<\/a><\/p>\n<p>\u201eCred c\u0103 s-a f\u0103cut lumin\u0103 \u0219i cu privire la vizita de acum c\u00e2teva zile a primului ministru ungar Viktor Orban.\u00a0Doua din cele mai importante ministere este de neimaginat cel al Finan\u021belor \u0219i al Dezvolt\u0103rii au trecut cumva \u00een administrarea guvernului ungar?<\/p>\n<p><a href=\"https:\/\/www.realitatea.net\/stiri\/actual\/fost-judecator-despre-cel-mai-asteptat-proces-din-romania-solutionarea-dosarului-lui-calin-georgescu-ar-putea-dura-o-luna_67715d1cd62f4b2d372000a2\" target=\"_blank\">Fost judec\u0103tor, despre cel mai a\u0219teptat proces din Rom\u00e2nia: \u201eSolu\u021bionarea dosarului lui C\u0103lin Georgescu ar putea dura o lun\u0103\u201d<\/a><\/p>\n<p>A\u0219a se pare, pare ca Viktor Orban \u0219i Marcel Ciolacu au negociat nu doar \u00een Rom\u00e2nia ci au negociat chiar Rom\u00e2nia unul a venit s\u0103 cumpere, \u00een timp ce altul a negociat ce nu era al lui s\u0103 v\u00e2nd\u0103 ci apar\u021binea poporului rom\u00e2n\u201d, a declarat pre\u0219edintele ales C\u0103lin Georgescu.<\/p>\n<p><a title=\"@calin.georgescu.real\" href=\"https:\/\/www.tiktok.com\/@calin.georgescu.real?refer=embed\" target=\"_blank\">@calin.georgescu.real<\/a><\/p>\n<p>\u00a0<\/p>\n<p><a title=\"\u266c original sound - calin.georgescu.real\" href=\"https:\/\/www.tiktok.com\/music\/original-sound-7453517052261698326?refer=embed\" target=\"_blank\">\u266c original sound &#8211; calin.georgescu.real<\/a><\/p>","protected":false},"excerpt":{"rendered":"<p>Pre\u0219edintele ales spune c\u0103 Marcel Ciolacu a negociat \u0219i a v\u00e2ndut \u021bara ungurilor, la ultima&hellip;<\/p>\n","protected":false},"author":0,"featured_media":19925,"comment_status":"open","ping_status":"open","sticky":false,"template":"","format":"standard","meta":{"footnotes":""},"categories":[2],"tags":[],"class_list":["post-19927","post","type-post","status-publish","format-standard","has-post-thumbnail","hentry","category-actual"],"_links":{"self":[{"href":"https:\/\/247stiri.ro\/index.php\/wp-json\/wp\/v2\/posts\/19927","targetHints":{"allow":["GET"]}}],"collection":[{"href":"https:\/\/247stiri.ro\/index.php\/wp-json\/wp\/v2\/posts"}],"about":[{"href":"https:\/\/247stiri.ro\/index.php\/wp-json\/wp\/v2\/types\/post"}],"replies":[{"embeddable":true,"href":"https:\/\/247stiri.ro\/index.php\/wp-json\/wp\/v2\/comments?post=19927"}],"version-history":[{"count":0,"href":"https:\/\/247stiri.ro\/index.php\/wp-json\/wp\/v2\/posts\/19927\/revisions"}],"wp:featuredmedia":[{"embeddable":true,"href":"https:\/\/247stiri.ro\/index.php\/wp-json\/wp\/v2\/media\/19925"}],"wp:attachment":[{"href":"https:\/\/247stiri.ro\/index.php\/wp-json\/wp\/v2\/media?parent=19927"}],"wp:term":[{"taxonomy":"category","embeddable":true,"href":"https:\/\/247stiri.ro\/index.php\/wp-json\/wp\/v2\/categories?post=19927"},{"taxonomy":"post_tag","embeddable":true,"href":"https:\/\/247stiri.ro\/index.php\/wp-json\/wp\/v2\/tags?post=19927"}],"curies":[{"name":"wp","href":"https:\/\/api.w.org\/{rel}","templated":true}]}}