{"id":19932,"date":"2024-12-29T19:44:46","date_gmt":"2024-12-29T19:44:46","guid":{"rendered":"https:\/\/247stiri.ro\/index.php\/2024\/12\/29\/calin-georgescu-presedintele-ales-mesaj-bomba-la-culisele-statului-paralel-inainte-de-cel-mai-asteptat-proces-din-romania-video\/"},"modified":"2024-12-29T19:44:46","modified_gmt":"2024-12-29T19:44:46","slug":"calin-georgescu-presedintele-ales-mesaj-bomba-la-culisele-statului-paralel-inainte-de-cel-mai-asteptat-proces-din-romania-video","status":"publish","type":"post","link":"https:\/\/247stiri.ro\/index.php\/2024\/12\/29\/calin-georgescu-presedintele-ales-mesaj-bomba-la-culisele-statului-paralel-inainte-de-cel-mai-asteptat-proces-din-romania-video\/","title":{"rendered":"C\u0103lin Georgescu, pre\u0219edintele ales, MESAJ &#8211; bomb\u0103 la Culisele Statului Paralel \u00eenainte de cel mai a\u0219teptat proces din Rom\u00e2nia VIDEO"},"content":{"rendered":"<p>\u201eGuvernul condus de pre\u0219edintele ilegitim, Klaus Iohannis, prin extensia sa Marcel Ciolacu, a stabilit data unor noi alegeri.\u00a0Cu ce drept?\u00a0De ce ace\u0219ti ipocri\u021bi politici au comunicat data unor noi alegeri cu doar c\u00e2teva zile \u00eenainte ca instan\u021ba s\u0103 se pronun\u021be cu privire la reluarea alegerilor din turul 2,\u00a0a\u0219a cum poporul a cerut \u0219i a\u0219a cum este legal.\u00a0Nu cumva ceea ce tocmai a f\u0103cut guvernul ilegitim este o ingerin\u021b\u0103 \u00een actul de justi\u021bie?\u00a0A, vor s\u0103 transmit\u0103 direct c\u0103 nu dau doi bani pe deciziile magistra\u021bilor?\u00a0\u0218tim asta.<\/p>\n<p>\u00a0<\/p>\n<p>I-am v\u0103zut \u00een ac\u021biune de mai multe ori.\u00a0Dar s\u0103 ia aminte, nu to\u021bi magistra\u021bii sunt servili precum cei pu\u0219i chiar de ei la Curtea Constitu\u021bional\u0103 a Rom\u00e2niei.\u00a0Tot acest guvern catastrofal a \u00eenceput un colaps economic major, o b\u0103taie de joc la adresa pensionarilor, a bugetarilor, a studen\u021bilor\u00a0\u0219i, de sigur, urmeaz\u0103 s\u0103 afl\u0103m cur\u00e2nd \u0219i despre \u0219ocul ce va fi pentru mediul de afaceri.<\/p>\n<p>\u00a0<\/p>\n<p>Cum \u021bara nu are pre\u0219edinte, cine s\u0103-i opreasc\u0103?\u00a0Pe m\u00e2na cu Iohannis vor da toate legile \u0219i ordonan\u021bele care vor distruge economia.\u00a0La r\u00e2ndul meu tot aud c\u0103 vor s\u0103-mi blocheze candidatura.\u00a0Voi nu mie \u00eemi bloca\u021bi candidatura.<\/p>\n<p>\u00a0<\/p>\n<p>Eu nu sunt aici pe persoan\u0103 fizic\u0103, ci sunt \u00eempreun\u0103 cu poporul pentru poporul meu.\u00a0De aceea recunoa\u0219te\u021bi, gata cu ipocrizia.\u00a0Voi vre\u021bi, de fapt, s\u0103 bloca\u021bi dreptul poporului rom\u00e2n la democra\u021bie, la votul liber, necondi\u021bionat.<\/p>\n<p>\u00a0<\/p>\n<p>Poporul a ales altceva dec\u00e2t a\u021bi vrut voi \u0219i acum \u00eel pedepsi\u021bi prin m\u0103suri economice drastice.\u00a0Asta face\u021bi, de fapt.\u00a0Ra\u021biunea este foarte simpl\u0103.<\/p>\n<p>\u00a0<\/p>\n<p>V\u0103 baza\u021bi pe faptul c\u0103 este suficient electoratul vostru pentru a v\u0103 pune un nou pre\u0219edinte marionet\u0103?\u00a0Pe cine v\u0103 baza\u021bi, de fapt?\u00a0Pe pensionarii c\u0103rora le \u00eenghe\u021ba\u021bi pensiile?\u00a0Pe bugetarii c\u0103rora le \u00eenghe\u021ba\u021bi salariile?\u00a0V-a\u021bi b\u0103tut joc de to\u021bi.\u00a0Inclusiv de propriul vostru electorat.\u00a0M\u00e2ine voi fi la curtea de apel \u0219i voi a\u0219tepta verdictul care se va da asupra democra\u021biei.<\/p>\n<p>\u00a0<\/p>\n<p>Nu doar din Rom\u00e2nia, ci din \u00eentreaga lume.\u00a0Voi politicienii a\u021bi creat un precedent interna\u021bional prin ceea ce a\u021bi f\u0103cut la Curtea Constitu\u021bional\u0103 a Rom\u00e2niei\u00a0\u0219i acum \u00eentreaga lume democratic\u0103 este cu ochii pe voi.\u00a0V\u0103 asigur asta.<\/p>\n<p>\u00a0<\/p>\n<p>M\u00e2ine, justi\u021bia profesionist\u0103 va judeca justi\u021bia politic\u0103.\u00a0Dreptate vs. nedreptate, popor vs.<\/p>\n<p>politicieni.\u00a0Este momentul \u00een care vom afla cu adev\u0103rat cine face legea \u00een Rom\u00e2nia:\u00a0Sistemul sau magistra\u021bii\u201d.<\/p>","protected":false},"excerpt":{"rendered":"<p>\u201eGuvernul condus de pre\u0219edintele ilegitim, Klaus Iohannis, prin extensia sa Marcel Ciolacu, a stabilit data&hellip;<\/p>\n","protected":false},"author":0,"featured_media":19933,"comment_status":"open","ping_status":"open","sticky":false,"template":"","format":"standard","meta":{"footnotes":""},"categories":[3],"tags":[],"class_list":["post-19932","post","type-post","status-publish","format-standard","has-post-thumbnail","hentry","category-politica"],"_links":{"self":[{"href":"https:\/\/247stiri.ro\/index.php\/wp-json\/wp\/v2\/posts\/19932","targetHints":{"allow":["GET"]}}],"collection":[{"href":"https:\/\/247stiri.ro\/index.php\/wp-json\/wp\/v2\/posts"}],"about":[{"href":"https:\/\/247stiri.ro\/index.php\/wp-json\/wp\/v2\/types\/post"}],"replies":[{"embeddable":true,"href":"https:\/\/247stiri.ro\/index.php\/wp-json\/wp\/v2\/comments?post=19932"}],"version-history":[{"count":0,"href":"https:\/\/247stiri.ro\/index.php\/wp-json\/wp\/v2\/posts\/19932\/revisions"}],"wp:featuredmedia":[{"embeddable":true,"href":"https:\/\/247stiri.ro\/index.php\/wp-json\/wp\/v2\/media\/19933"}],"wp:attachment":[{"href":"https:\/\/247stiri.ro\/index.php\/wp-json\/wp\/v2\/media?parent=19932"}],"wp:term":[{"taxonomy":"category","embeddable":true,"href":"https:\/\/247stiri.ro\/index.php\/wp-json\/wp\/v2\/categories?post=19932"},{"taxonomy":"post_tag","embeddable":true,"href":"https:\/\/247stiri.ro\/index.php\/wp-json\/wp\/v2\/tags?post=19932"}],"curies":[{"name":"wp","href":"https:\/\/api.w.org\/{rel}","templated":true}]}}