{"id":19934,"date":"2024-12-29T19:44:47","date_gmt":"2024-12-29T19:44:47","guid":{"rendered":"https:\/\/247stiri.ro\/index.php\/2024\/12\/29\/ordonanta-trenulet-impact-nimicitor-economistii-avertizeaza-peste-250-000-de-companii-ar-putea-fi-afectate\/"},"modified":"2024-12-29T19:44:47","modified_gmt":"2024-12-29T19:44:47","slug":"ordonanta-trenulet-impact-nimicitor-economistii-avertizeaza-peste-250-000-de-companii-ar-putea-fi-afectate","status":"publish","type":"post","link":"https:\/\/247stiri.ro\/index.php\/2024\/12\/29\/ordonanta-trenulet-impact-nimicitor-economistii-avertizeaza-peste-250-000-de-companii-ar-putea-fi-afectate\/","title":{"rendered":"Ordonan\u021ba trenule\u021b &#8211; impact nimicitor. Economi\u0219tii avertizeaz\u0103: peste 250.000 de companii ar putea fi afectate"},"content":{"rendered":"<p>Analistul economic\u00a0 Adrian Negrescu atrage aten\u021bia asupra impactului devastator al noilor taxe introduse de la 1 ianuarie, prin controversata Ordonan\u021b\u0103 \u201eTrenule\u021b\u201d, acuz\u00e2nd guvernul de m\u0103suri pripite \u0219i lips\u0103 de predictibilitate fiscal\u0103.<\/p>\n<p>Economistul Adrian Negrescu a lansat un avertisment dur cu privire la efectele m\u0103surilor fiscale anun\u021bate de guvern \u0219i care urmeaz\u0103 s\u0103 intre \u00een vigoare \u00eencep\u00e2nd cu 1 ianuarie 2024. Potrivit acestuia, peste 250.000 de companii din Rom\u00e2nia ar putea fi afectate, iar noile\u00a0taxe, precum reintroducerea controversatei \u201etaxe pe st\u00e2lp\u201d, vor fr\u00e2na grav investi\u021biile \u00een economia na\u021bional\u0103.<\/p>\n<p>&#8222;Suntem \u00eentr-un tsunami economic, estimez c\u0103 peste 250.000 de companii vor fi afectate \u00eenc\u0103 din 1 ianuarie de aceste noi taxe impuse de autorit\u0103\u021bi.\u00a0\u00a0Avem un deficit bugetar de 30 de miliarde de euro \u0219i \u00eemprumuturi record de 50 de miliarde doar \u00een acest an a declarat economistul.<\/p>\n<p>Economistul a criticat modul \u00een care m\u0103surile au fost anun\u021bate, f\u0103r\u0103 o consultare prealabil\u0103 cu mediul de afaceri \u0219i f\u0103r\u0103 un studiu de impact. \u201ePredictibilitatea fiscal\u0103 este zero. Ast\u0103zi sunt anun\u021bate m\u0103surile, m\u00e2ine sunt aprobate, iar poim\u00e2ine intr\u0103 \u00een vigoare. Este f\u0103r\u0103 precedent ceea ce vedem,\u201d a subliniat el.<\/p>\n<p>\u201eEste nota de plat\u0103 a dezm\u0103\u021bului bugetar din anul electoral 2024\u201d<\/p>\n<p>Printre m\u0103surile controversate se num\u0103r\u0103 cre\u0219terea impozitului pe dividende, reducerea pragului pentru micro\u00eentreprinderi \u0219i majorarea accizelor la carburan\u021bi. \u201eAceste decizii, luate \u00eentr-un context economic deja fragil, vor amplifica problemele. Mediul de afaceri este pur \u0219i simplu n\u0103ucit,\u201d a ad\u0103ugat Negrescu.<\/p>\n<p>Analistul economic a avertizat c\u0103 primele efecte se vor resim\u021bi prin cre\u0219teri masive de pre\u021buri \u0219i deprecierea leului, estim\u00e2nd c\u0103 euro ar putea dep\u0103\u0219i pragul de 5 lei \u00een primele zile ale anului viitor. De asemenea, el consider\u0103 c\u0103 Rom\u00e2nia risc\u0103, pe termen mediu, s\u0103 recurg\u0103 la m\u0103suri \u0219i mai dure, precum majorarea TVA-ului.<\/p>\n<p>\u201e\u00cen loc s\u0103 reduc\u0103 cheltuielile aberante din sectorul public sau s\u0103 restructureze aparatul de stat, guvernul alege s\u0103 pun\u0103 presiune pe mediul de afaceri \u0219i pe rom\u00e2nii de r\u00e2nd. Aceasta este nota de plat\u0103 a dezm\u0103\u021bului bugetar din anul electoral 2024,\u201d a spus Adrian Negrescu.<\/p>\n<p>El a \u00eendemnat guvernan\u021bii s\u0103 reg\u00e2ndeasc\u0103 aceste decizii \u0219i s\u0103 ia m\u0103suri care s\u0103 sprijine economia, mai ales \u00een contextul \u00een care aceasta \u00eencetine\u0219te semnificativ. \u201eSper ca noaptea s\u0103 fie un sfetnic bun \u0219i s\u0103 se renun\u021be la m\u0103car o parte dintre aceste m\u0103suri, \u00een special cele care afecteaz\u0103 micro\u00eentreprinderile,\u201d a concluzionat economistul.<\/p>\n<p>\u00a0<\/p>\n<p>\u00a0<\/p>","protected":false},"excerpt":{"rendered":"<p>Analistul economic\u00a0 Adrian Negrescu atrage aten\u021bia asupra impactului devastator al noilor taxe introduse de la&hellip;<\/p>\n","protected":false},"author":0,"featured_media":19935,"comment_status":"open","ping_status":"open","sticky":false,"template":"","format":"standard","meta":{"footnotes":""},"categories":[2],"tags":[],"class_list":["post-19934","post","type-post","status-publish","format-standard","has-post-thumbnail","hentry","category-actual"],"_links":{"self":[{"href":"https:\/\/247stiri.ro\/index.php\/wp-json\/wp\/v2\/posts\/19934","targetHints":{"allow":["GET"]}}],"collection":[{"href":"https:\/\/247stiri.ro\/index.php\/wp-json\/wp\/v2\/posts"}],"about":[{"href":"https:\/\/247stiri.ro\/index.php\/wp-json\/wp\/v2\/types\/post"}],"replies":[{"embeddable":true,"href":"https:\/\/247stiri.ro\/index.php\/wp-json\/wp\/v2\/comments?post=19934"}],"version-history":[{"count":0,"href":"https:\/\/247stiri.ro\/index.php\/wp-json\/wp\/v2\/posts\/19934\/revisions"}],"wp:featuredmedia":[{"embeddable":true,"href":"https:\/\/247stiri.ro\/index.php\/wp-json\/wp\/v2\/media\/19935"}],"wp:attachment":[{"href":"https:\/\/247stiri.ro\/index.php\/wp-json\/wp\/v2\/media?parent=19934"}],"wp:term":[{"taxonomy":"category","embeddable":true,"href":"https:\/\/247stiri.ro\/index.php\/wp-json\/wp\/v2\/categories?post=19934"},{"taxonomy":"post_tag","embeddable":true,"href":"https:\/\/247stiri.ro\/index.php\/wp-json\/wp\/v2\/tags?post=19934"}],"curies":[{"name":"wp","href":"https:\/\/api.w.org\/{rel}","templated":true}]}}