{"id":19941,"date":"2024-12-29T20:44:46","date_gmt":"2024-12-29T20:44:46","guid":{"rendered":"https:\/\/247stiri.ro\/index.php\/2024\/12\/29\/primarul-capitalei-despre-ordonanta-trenulet-a-venit-nota-de-plata-pentru-ultimii-trei-ani\/"},"modified":"2024-12-29T20:44:46","modified_gmt":"2024-12-29T20:44:46","slug":"primarul-capitalei-despre-ordonanta-trenulet-a-venit-nota-de-plata-pentru-ultimii-trei-ani","status":"publish","type":"post","link":"https:\/\/247stiri.ro\/index.php\/2024\/12\/29\/primarul-capitalei-despre-ordonanta-trenulet-a-venit-nota-de-plata-pentru-ultimii-trei-ani\/","title":{"rendered":"Primarul Capitalei, despre ordonan\u021ba trenule\u021b: \u201eA venit nota de plat\u0103 pentru ultimii trei ani\u201d"},"content":{"rendered":"<p>Primarul Capitalei, Nicu\u015for Dan, a declarat duminic\u0103, despre ordonan\u0163a-trenule\u0163 preg\u0103tit\u0103 de Executiv, c\u0103 a venit nota de plat\u0103, nu doar din anul 2024, ci \u015fi din 2023 \u015fi 2022. El a precizat c\u0103 este bine s\u0103 faci investi\u0163ii, dar trebuie s\u0103 faci \u00een autostr\u0103zi \u015fi nu \u00een stadioane sau reabilitarea unor sedii, pentru c\u0103 acestea nu aduc bani \u00eenapoi la buget.<\/p>\n<p>\u201dA venit nota de plat\u0103, nu doar din anul 2024, ci \u015fi din 2023 \u015fi 2022\u201d, a declarat Nicu\u015for Dan despre Ordonan\u0163a cu m\u0103surile fiscale ce vor intra \u00een vigoare de la 1 ianuarie.<\/p>\n<p>Primarul Capitalei a ar\u0103tat c\u0103 este bine s\u0103 faci investi\u0163ii, numai c\u0103 sunt bune acele investi\u0163ii care aduc mai departe bani.<\/p>\n<p>\u201dAdic\u0103 e bine s\u0103 faci autostr\u0103zi. Pentru c\u0103, dac\u0103 faci autostr\u0103zi, vor veni firme \u00een localit\u0103\u0163ile alea \u015fi oamenii vor avea de lucru, vor pl\u0103ti taxe mai mari \u015fi a\u015fa mai departe. Dar dac\u0103 n-ai bani, nu e bine s\u0103 faci investi\u0163ii cum ar fi reabilitarea unor sedii de institu\u0163ii care pot s\u0103 mai a\u015ftepte 5 ani, 7 ani. Nu e bine s\u0103 faci c\u00e2te un stadion \u00een fiecare ora\u015f. Pentru c\u0103 nu produc bani stadioanele alea\u201d, a precizat primarul Capitalei.<\/p>\n<p>El a ar\u0103tat c\u0103, la Prim\u0103ria Capitalei, Consiliul General doar a aplicat prevederea legal\u0103. \u201dTrebuie s\u0103 m\u0103rim taxele locale cu infla\u0163ia\u201d, a ad\u0103ugat Nicu\u015for Dan.<\/p>","protected":false},"excerpt":{"rendered":"<p>Primarul Capitalei, Nicu\u015for Dan, a declarat duminic\u0103, despre ordonan\u0163a-trenule\u0163 preg\u0103tit\u0103 de Executiv, c\u0103 a venit&hellip;<\/p>\n","protected":false},"author":0,"featured_media":19931,"comment_status":"open","ping_status":"open","sticky":false,"template":"","format":"standard","meta":{"footnotes":""},"categories":[2],"tags":[],"class_list":["post-19941","post","type-post","status-publish","format-standard","has-post-thumbnail","hentry","category-actual"],"_links":{"self":[{"href":"https:\/\/247stiri.ro\/index.php\/wp-json\/wp\/v2\/posts\/19941","targetHints":{"allow":["GET"]}}],"collection":[{"href":"https:\/\/247stiri.ro\/index.php\/wp-json\/wp\/v2\/posts"}],"about":[{"href":"https:\/\/247stiri.ro\/index.php\/wp-json\/wp\/v2\/types\/post"}],"replies":[{"embeddable":true,"href":"https:\/\/247stiri.ro\/index.php\/wp-json\/wp\/v2\/comments?post=19941"}],"version-history":[{"count":0,"href":"https:\/\/247stiri.ro\/index.php\/wp-json\/wp\/v2\/posts\/19941\/revisions"}],"wp:featuredmedia":[{"embeddable":true,"href":"https:\/\/247stiri.ro\/index.php\/wp-json\/wp\/v2\/media\/19931"}],"wp:attachment":[{"href":"https:\/\/247stiri.ro\/index.php\/wp-json\/wp\/v2\/media?parent=19941"}],"wp:term":[{"taxonomy":"category","embeddable":true,"href":"https:\/\/247stiri.ro\/index.php\/wp-json\/wp\/v2\/categories?post=19941"},{"taxonomy":"post_tag","embeddable":true,"href":"https:\/\/247stiri.ro\/index.php\/wp-json\/wp\/v2\/tags?post=19941"}],"curies":[{"name":"wp","href":"https:\/\/api.w.org\/{rel}","templated":true}]}}