{"id":19949,"date":"2024-12-29T21:47:21","date_gmt":"2024-12-29T21:47:21","guid":{"rendered":"https:\/\/247stiri.ro\/index.php\/2024\/12\/29\/nicusor-dan-personajul-cu-cea-mai-mare-incredere-in-fata-romanilor-este-calin-georgescu\/"},"modified":"2024-12-29T21:47:21","modified_gmt":"2024-12-29T21:47:21","slug":"nicusor-dan-personajul-cu-cea-mai-mare-incredere-in-fata-romanilor-este-calin-georgescu","status":"publish","type":"post","link":"https:\/\/247stiri.ro\/index.php\/2024\/12\/29\/nicusor-dan-personajul-cu-cea-mai-mare-incredere-in-fata-romanilor-este-calin-georgescu\/","title":{"rendered":"Nicu\u0219or Dan: \u201ePersonajul cu cea mai mare \u00eencredere \u00een fa\u021ba rom\u00e2nilor este C\u0103lin Georgescu\u201d"},"content":{"rendered":"<p>Primarul Capitalei, Nicu\u015for Dan, care \u015fi-a anun\u0163at candidatura la alegerile preziden\u0163iale, a declarat c\u0103, dac\u0103 ne uit\u0103m la sondaje, personajul cu cea mai mare \u00eencredere \u00een fa\u0163a rom\u00e2nilor, \u00een acest moment, este C\u0103lin Georgescu. Despre o nou\u0103 candidatur\u0103 a lui Georgescu la alegerile din luna martie, Nicu\u015for Dan a spus c\u0103 \u201dar fi un pic absurd ca alegerile s\u0103 fie anulate din cauza lui C\u0103lin Georgescu \u015fi acesta s\u0103 candideze \u00eenc\u0103 o dat\u0103\u201d.<\/p>\n<p>Nicu\u015for Dan a fost \u00eentrebat la Antena 3 pe cine consider\u0103 ca principalul adversar \u00een alegerile preziden\u0163iale, dintre cei care \u015fi-au anun\u0163at deja inten\u0163ia s\u0103 intre \u00een cursa electoral\u0103.<\/p>\n<p>\u201dDac\u0103 ne uit\u0103m la sondaje, personajul, \u00een momentul de fa\u0163\u0103, cu cea mai mare \u00eencredere \u00een fa\u0163a rom\u00e2nilor, e C\u0103lin Georgescu\u201d, a spus primarul Capitalei.<\/p>\n<p>Despre o nou\u0103 candidatur\u0103 a lui Georgescu, Nicu\u015for Dan a spus c\u0103 depinde foarte mult de rezultatul analizei pe alegerile din 24 noiembrie.<\/p>\n<p>\u201dEu nu am r\u0103spunsul \u00een momentul \u0103sta. Ar fi un pic absurd ca alegerile s\u0103 fie anulate din cauza lui C\u0103lin Georgescu \u015fi C\u0103lin Georgescu s\u0103 candideze \u00eenc\u0103 o dat\u0103\u201d, a subliniat Nicu\u015for Dan.<\/p>\n<p>El a men\u0163ionat c\u0103 nu crede c\u0103 este nevoie de vreo contesta\u0163ie privind candidature lui C\u0103lin Georgescu, pentru c\u0103 Curtea Constitu\u0163ional\u0103 analizeaz\u0103 din oficiu toate candidaturile.<\/p>\n<p>\u201dE o cantitate de informa\u0163ii pe care noi nu o avem \u00een momentul de fa\u0163\u0103 \u015fi asta ne \u00eempiedic\u0103 s\u0103 facem predic\u0163ii \u015fi cu privire la analiza final\u0103 pe alegerile trecute \u015fi cu privire la candida\u0163ii din alegerile astea. Ce pot eu s\u0103 v\u0103 spun este c\u0103 \u00een momentul de fa\u0163\u0103, \u00een sondajele pe care le-am v\u0103zut eu, C\u0103lin Georgescu are cea mai mare \u00eencredere\u201d, a mai spus Nicu\u015for Dan.<\/p>","protected":false},"excerpt":{"rendered":"<p>Primarul Capitalei, Nicu\u015for Dan, care \u015fi-a anun\u0163at candidatura la alegerile preziden\u0163iale, a declarat c\u0103, dac\u0103&hellip;<\/p>\n","protected":false},"author":0,"featured_media":19939,"comment_status":"open","ping_status":"open","sticky":false,"template":"","format":"standard","meta":{"footnotes":""},"categories":[2],"tags":[],"class_list":["post-19949","post","type-post","status-publish","format-standard","has-post-thumbnail","hentry","category-actual"],"_links":{"self":[{"href":"https:\/\/247stiri.ro\/index.php\/wp-json\/wp\/v2\/posts\/19949","targetHints":{"allow":["GET"]}}],"collection":[{"href":"https:\/\/247stiri.ro\/index.php\/wp-json\/wp\/v2\/posts"}],"about":[{"href":"https:\/\/247stiri.ro\/index.php\/wp-json\/wp\/v2\/types\/post"}],"replies":[{"embeddable":true,"href":"https:\/\/247stiri.ro\/index.php\/wp-json\/wp\/v2\/comments?post=19949"}],"version-history":[{"count":0,"href":"https:\/\/247stiri.ro\/index.php\/wp-json\/wp\/v2\/posts\/19949\/revisions"}],"wp:featuredmedia":[{"embeddable":true,"href":"https:\/\/247stiri.ro\/index.php\/wp-json\/wp\/v2\/media\/19939"}],"wp:attachment":[{"href":"https:\/\/247stiri.ro\/index.php\/wp-json\/wp\/v2\/media?parent=19949"}],"wp:term":[{"taxonomy":"category","embeddable":true,"href":"https:\/\/247stiri.ro\/index.php\/wp-json\/wp\/v2\/categories?post=19949"},{"taxonomy":"post_tag","embeddable":true,"href":"https:\/\/247stiri.ro\/index.php\/wp-json\/wp\/v2\/tags?post=19949"}],"curies":[{"name":"wp","href":"https:\/\/api.w.org\/{rel}","templated":true}]}}