{"id":19969,"date":"2024-12-30T06:45:28","date_gmt":"2024-12-30T06:45:28","guid":{"rendered":"https:\/\/247stiri.ro\/index.php\/2024\/12\/30\/masurile-de-austeritate-pe-masa-guvernului-decizii-importante-la-palatul-victoria-in-ultima-sedinta-din-an-ce-ne-asteapta-in-2025\/"},"modified":"2024-12-30T06:45:28","modified_gmt":"2024-12-30T06:45:28","slug":"masurile-de-austeritate-pe-masa-guvernului-decizii-importante-la-palatul-victoria-in-ultima-sedinta-din-an-ce-ne-asteapta-in-2025","status":"publish","type":"post","link":"https:\/\/247stiri.ro\/index.php\/2024\/12\/30\/masurile-de-austeritate-pe-masa-guvernului-decizii-importante-la-palatul-victoria-in-ultima-sedinta-din-an-ce-ne-asteapta-in-2025\/","title":{"rendered":"M\u0103surile de AUSTERITATE, pe masa Guvernului. Decizii importante la Palatul Victoria, \u00een ultima \u0219edin\u021b\u0103 din an: ce ne a\u0219teapt\u0103 \u00een 2025"},"content":{"rendered":"<p>Guvernul se reune\u015fte \u00een \u015fedin\u0163\u0103 luni, \u00eencep\u00e2nd cu ora 13:00, urm\u00e2nd s\u0103 discute Ordonan\u0163a privind unele m\u0103suri fiscal-bugetare, cunoscut\u0103 sub numele de Ordonan\u021ba trenule\u021b, dar \u0219i stabilirea datei alegerilor preziden\u021biale.<\/p>\n<p>Supranumit\u0103 \u201eordonan\u021ba trenule\u021b\u201d din cauza pachetului complex de m\u0103suri pe care \u00eel include, aceasta a st\u00e2rnit deja reac\u021bii puternice din partea sindicatelor, pensionarilor \u0219i partidelor de opozi\u021bie. Textul ordonan\u021bei vizeaz\u0103 ajust\u0103ri fiscale menite s\u0103 reduc\u0103 deficitul bugetar, \u00eens\u0103 pre\u021bul acestor ajust\u0103ri este greu de suportat pentru multe categorii sociale.<\/p>\n<p>Supranumit\u0103 \u201eordonan\u021ba trenule\u021b\u201d din cauza pachetului complex de m\u0103suri pe care \u00eel include, aceasta a st\u00e2rnit deja reac\u021bii puternice din partea sindicatelor, pensionarilor \u0219i partidelor de opozi\u021bie. Textul ordonan\u021bei vizeaz\u0103 ajust\u0103ri fiscale menite s\u0103 reduc\u0103 deficitul bugetar, \u00eens\u0103 pre\u021bul acestor ajust\u0103ri este greu de suportat pentru multe categorii sociale.<\/p>\n<p>Potrivit proiectului<a href=\"https:\/\/mfinante.gov.ro\/ro\/acasa\/transparenta\/proiecte-acte-normative\" target=\"_blank\">\u00a0pus \u00een transparen\u021b\u0103<\/a>\u00a0de Ministerul de Finan\u021be, ar urma s\u0103 fie eliminate toate facilit\u0103\u021bile fiscale din domenii precum IT, agricultur\u0103 sau construc\u021bii.\u00a0\u00cen plus, impozitul pe dividende ar vrea cre\u0219te de la 8% la 10%.\u00a0Proiectul de impozitare a micro\u00eentreprinderilor ar putea s\u0103 scad\u0103 de la 500.000 de euro la 250.000 de euro \u00een 2025,\u00a0iar apoi la 100.000 de euro \u00een 2026, iar asta \u00eenseamn\u0103 c\u0103 mai multe mici companii vor pl\u0103ti impozitul c\u0103tre stat.<\/p>\n<p><a href=\"https:\/\/www.realitatea.net\/stiri\/actual\/ordonanta-trenulet-impact-nimicitor-economistii-avertizeaza-peste-250000-de-companii-ar-putea-fi-afectate_677197e0be82d749780af8e2\" target=\"_blank\">Ordonan\u021ba trenule\u021b &#8211; impact nimicitor. Economi\u0219tii avertizeaz\u0103: peste 250.000 de companii ar putea fi afectate<\/a><\/p>\n<p>\u00cen plus, se introduce \u0219i un nou impozit de 1,5% pentru construc\u021biile speciale.\u00a0Se men\u021bin \u00een continuare \u00een ordonan\u021b\u0103 \u0219i acele m\u0103suri care \u00eenghea\u021b\u0103 pensiile \u0219i salariile, la fel \u0219i primele \u0219i sporurile,\u00a0spre exemplu, premiile \u0219i bonusurile.\u00a0<\/p>\n<p><a href=\"https:\/\/www.realitatea.net\/stiri\/actual\/ordonanta-care-ingheata-pensiile-si-salariile-romanilor-a-fost-modificata-proiectul-pus-in-transparenta-de-ministerul-de-finante_67712d3d207d1e77836c73a3\" target=\"_blank\">Ordonan\u021ba care \u00eenghea\u021b\u0103 pensiile \u0219i salariile rom\u00e2nilor a fost modificat\u0103! Proiectul, pus \u00een transparen\u021b\u0103 de Ministerul de Finan\u021be<\/a><\/p>\n<p>Potrivit proiectului<a href=\"https:\/\/mfinante.gov.ro\/ro\/acasa\/transparenta\/proiecte-acte-normative\" target=\"_blank\">\u00a0pus \u00een transparen\u021b\u0103<\/a>\u00a0de Ministerul de Finan\u021be, ar urma s\u0103 fie eliminate toate facilit\u0103\u021bile fiscale din domenii precum IT, agricultur\u0103 sau construc\u021bii.\u00a0\u00cen plus, impozitul pe dividende ar vrea cre\u0219te de la 8% la 10%.\u00a0Proiectul de impozitare a micro\u00eentreprinderilor ar putea s\u0103 scad\u0103 de la 500.000 de euro la 250.000 de euro \u00een 2025,\u00a0iar apoi la 100.000 de euro \u00een 2026, iar asta \u00eenseamn\u0103 c\u0103 mai multe mici companii vor pl\u0103ti impozitul c\u0103tre stat.<\/p>\n<p>\u00cen plus, se introduce \u0219i un nou impozit de 1,5% pentru construc\u021biile speciale.\u00a0Se men\u021bin \u00een continuare \u00een ordonan\u021b\u0103 \u0219i acele m\u0103suri care \u00eenghea\u021b\u0103 pensiile \u0219i salariile, la fel \u0219i primele \u0219i sporurile,\u00a0spre exemplu, premiile \u0219i bonusurile.\u00a0<\/p>\n<p><a href=\"https:\/\/www.realitatea.net\/stiri\/actual\/ordonanta-care-ingheata-pensiile-si-salariile-romanilor-a-fost-modificata-proiectul-pus-in-transparenta-de-ministerul-de-finante_67712d3d207d1e77836c73a3\" target=\"_blank\">Ordonan\u021ba care \u00eenghea\u021b\u0103 pensiile \u0219i salariile rom\u00e2nilor a fost modificat\u0103! Proiectul, pus \u00een transparen\u021b\u0103 de Ministerul de Finan\u021be<\/a><\/p>","protected":false},"excerpt":{"rendered":"<p>Guvernul se reune\u015fte \u00een \u015fedin\u0163\u0103 luni, \u00eencep\u00e2nd cu ora 13:00, urm\u00e2nd s\u0103 discute Ordonan\u0163a privind&hellip;<\/p>\n","protected":false},"author":0,"featured_media":19970,"comment_status":"open","ping_status":"open","sticky":false,"template":"","format":"standard","meta":{"footnotes":""},"categories":[3],"tags":[],"class_list":["post-19969","post","type-post","status-publish","format-standard","has-post-thumbnail","hentry","category-politica"],"_links":{"self":[{"href":"https:\/\/247stiri.ro\/index.php\/wp-json\/wp\/v2\/posts\/19969","targetHints":{"allow":["GET"]}}],"collection":[{"href":"https:\/\/247stiri.ro\/index.php\/wp-json\/wp\/v2\/posts"}],"about":[{"href":"https:\/\/247stiri.ro\/index.php\/wp-json\/wp\/v2\/types\/post"}],"replies":[{"embeddable":true,"href":"https:\/\/247stiri.ro\/index.php\/wp-json\/wp\/v2\/comments?post=19969"}],"version-history":[{"count":0,"href":"https:\/\/247stiri.ro\/index.php\/wp-json\/wp\/v2\/posts\/19969\/revisions"}],"wp:featuredmedia":[{"embeddable":true,"href":"https:\/\/247stiri.ro\/index.php\/wp-json\/wp\/v2\/media\/19970"}],"wp:attachment":[{"href":"https:\/\/247stiri.ro\/index.php\/wp-json\/wp\/v2\/media?parent=19969"}],"wp:term":[{"taxonomy":"category","embeddable":true,"href":"https:\/\/247stiri.ro\/index.php\/wp-json\/wp\/v2\/categories?post=19969"},{"taxonomy":"post_tag","embeddable":true,"href":"https:\/\/247stiri.ro\/index.php\/wp-json\/wp\/v2\/tags?post=19969"}],"curies":[{"name":"wp","href":"https:\/\/api.w.org\/{rel}","templated":true}]}}