{"id":1998,"date":"2024-10-25T20:46:43","date_gmt":"2024-10-25T20:46:43","guid":{"rendered":"https:\/\/247stiri.ro\/index.php\/2024\/10\/25\/disparitia-unei-fete-romance-de-14-ani-la-londra-starneste-controverse-acuzatii-grave-la-adresa-unui-membru-al-comunitatii\/"},"modified":"2024-10-25T20:46:43","modified_gmt":"2024-10-25T20:46:43","slug":"disparitia-unei-fete-romance-de-14-ani-la-londra-starneste-controverse-acuzatii-grave-la-adresa-unui-membru-al-comunitatii","status":"publish","type":"post","link":"https:\/\/247stiri.ro\/index.php\/2024\/10\/25\/disparitia-unei-fete-romance-de-14-ani-la-londra-starneste-controverse-acuzatii-grave-la-adresa-unui-membru-al-comunitatii\/","title":{"rendered":"Dispari\u021bia unei fete rom\u00e2nce de 14 ani la Londra st\u00e2rne\u0219te controverse: Acuza\u021bii grave la adresa unui membru al comunit\u0103\u021bii"},"content":{"rendered":"<p>Alerta dat\u0103 \u00een urma dispari\u021biei<\/p>\n<p><a href=\"https:\/\/www.realitatea.net\/stiri\/extern\/disparitie-misterioasa-dupa-o-petrecere-o-tanara-de-24-de-ani-ar-fi-fost-zdrobita-si-incinerata-din-greseala_67191b9593764200d851b893\" target=\"_blank\" rel=\"noopener\">Dispari\u021bia fetei<\/a> a fost semnalat\u0103 public pe 19 octombrie 2024, iar anun\u021burile despre Beatrice au circulat rapid, descriind-o ca fiind v\u0103zut\u0103 ultima dat\u0103 \u00een zona Wembley. Comunitatea \u201eMy Romania Community\u201d a r\u0103sp\u00e2ndit detalii despre aspectul fetei \u0219i \u00eendemna oamenii s\u0103 anun\u021be poli\u021bia dac\u0103 au informa\u021bii. Anun\u021bul o descria pe Beatrice ca fiind o t\u00e2n\u0103r\u0103 foarte activ\u0103 \u00een comunitate \u0219i implicat\u0103 \u00een diverse evenimente, c\u00e2\u0219tig\u00e2ndu-\u0219i aprecierea \u0219i respectul celor din jur.<\/p>\n<p>Situa\u021bia a luat o turnur\u0103 tensionat\u0103 atunci c\u00e2nd bunica fetei a adus acuza\u021bii grave la adresa lui Cristian St\u00eencanu, tutorele lui Beatrice, sus\u021bin\u00e2nd c\u0103 fata ar fi fugit din cauza abuzurilor emo\u021bionale la care ar fi fost supus\u0103. Conform declara\u021biilor bunicii, St\u00eencanu ar fi avut o influen\u021b\u0103 negativ\u0103 asupra fetei \u0219i ar fi contribuit la \u00eendep\u0103rtarea acesteia de familia ei extins\u0103. \u00cen plus, apropiate ale familiei sus\u021bin c\u0103 Beatrice era obligat\u0103 s\u0103 desf\u0103\u0219oare munci la organiza\u021bia \u201eMy Romania Community\u201d, acuz\u00e2nd o presiune emo\u021bional\u0103 \u0219i cerin\u021be care dep\u0103\u0219eau limitele normale.<\/p>\n<p>Martori din comunitatea rom\u00e2neasc\u0103 din Marea Britanie au f\u0103cut la r\u00e2ndul lor declara\u021bii despre comportamentul lui St\u00eencanu, relat\u00e2nd situa\u021bii \u00een care fata \u0219i mama ei ar fi fost tratate necorespunz\u0103tor. De asemenea, surse din comunitate sus\u021bin c\u0103 alte persoane, inclusiv fosta so\u021bie a lui St\u00eencanu, au depus pl\u00e2ngeri \u00eempotriva acestuia \u00een trecut pentru presupuse abuzuri.<\/p>\n<p>Pozi\u021bia lui Cristian St\u00eencanu<\/p>\n<p>Cristian St\u00eencanu a respins acuza\u021biile aduse, afirm\u00e2nd c\u0103 Beatrice nu ar fi fost niciodat\u0103 abuzat\u0103 \u0219i c\u0103 rela\u021bia lui cu familia fetei este una profesional\u0103. Directorul ONG-ului sus\u021bine c\u0103 feti\u021ba ar fi beneficiat de sprijin din partea organiza\u021biei \u0219i c\u0103 absen\u021ba ei de acas\u0103 ar putea fi rezultatul unei amenin\u021b\u0103ri externe, nu al vreunui conflict intern. St\u00eencanu a subliniat c\u0103 el \u0219i fiica sa sunt trecu\u021bi \u00een mod oficial drept contacte de urgen\u021b\u0103 pentru familie \u0219i c\u0103 totul s-ar desf\u0103\u0219ura legal \u00een acest context.<\/p>\n<p>Aurelia, mama minorei, a refuzat s\u0103 ofere prea multe detalii despre anchet\u0103, sus\u021bin\u00e2nd c\u0103 este \u00een permanent\u0103 leg\u0103tur\u0103 cu autorit\u0103\u021bile \u0219i c\u0103 prioritatea ei este g\u0103sirea fetei. De\u0219i nu a dorit s\u0103 comenteze acuza\u021biile aduse lui St\u00eencanu, mama a precizat c\u0103 nu se simte amenin\u021bat\u0103 de acesta \u0219i c\u0103 o parte din declara\u021biile f\u0103cute de alte persoane ar fi nefondate.<\/p>\n<p>\u00cen lipsa unor concluzii clare, <a href=\"https:\/\/www.realitatea.net\/stiri\/actual\/alerta-disparitie-minora-alexia-are-14-ani-si-nu-a-mai-fost-vazuta-dupa-ce-a-mers-la-o-intalnire-misterioasa_6713c7c4176d1642c87af862\" target=\"_blank\" rel=\"noopener\">ancheta continu\u0103<\/a>, iar autorit\u0103\u021bile londoneze verific\u0103 declara\u021biile \u0219i investigheaz\u0103 circumstan\u021bele dispari\u021biei fetei, inclusiv rela\u021bia ei cu persoanele din jur.<\/p>","protected":false},"excerpt":{"rendered":"<p>Alerta dat\u0103 \u00een urma dispari\u021biei Dispari\u021bia fetei a fost semnalat\u0103 public pe 19 octombrie 2024,&hellip;<\/p>\n","protected":false},"author":0,"featured_media":1999,"comment_status":"open","ping_status":"open","sticky":false,"template":"","format":"standard","meta":{"footnotes":""},"categories":[2],"tags":[],"class_list":["post-1998","post","type-post","status-publish","format-standard","has-post-thumbnail","hentry","category-actual"],"_links":{"self":[{"href":"https:\/\/247stiri.ro\/index.php\/wp-json\/wp\/v2\/posts\/1998","targetHints":{"allow":["GET"]}}],"collection":[{"href":"https:\/\/247stiri.ro\/index.php\/wp-json\/wp\/v2\/posts"}],"about":[{"href":"https:\/\/247stiri.ro\/index.php\/wp-json\/wp\/v2\/types\/post"}],"replies":[{"embeddable":true,"href":"https:\/\/247stiri.ro\/index.php\/wp-json\/wp\/v2\/comments?post=1998"}],"version-history":[{"count":0,"href":"https:\/\/247stiri.ro\/index.php\/wp-json\/wp\/v2\/posts\/1998\/revisions"}],"wp:featuredmedia":[{"embeddable":true,"href":"https:\/\/247stiri.ro\/index.php\/wp-json\/wp\/v2\/media\/1999"}],"wp:attachment":[{"href":"https:\/\/247stiri.ro\/index.php\/wp-json\/wp\/v2\/media?parent=1998"}],"wp:term":[{"taxonomy":"category","embeddable":true,"href":"https:\/\/247stiri.ro\/index.php\/wp-json\/wp\/v2\/categories?post=1998"},{"taxonomy":"post_tag","embeddable":true,"href":"https:\/\/247stiri.ro\/index.php\/wp-json\/wp\/v2\/tags?post=1998"}],"curies":[{"name":"wp","href":"https:\/\/api.w.org\/{rel}","templated":true}]}}