{"id":19985,"date":"2024-12-30T07:45:09","date_gmt":"2024-12-30T07:45:09","guid":{"rendered":"https:\/\/247stiri.ro\/index.php\/2024\/12\/30\/daniel-david-noul-ministru-al-educatiei-profesorii-ar-trebui-sa-aiba-cele-mai-putine-activitati-administrative-ca-sa-se-poata-ocupa-de-copii\/"},"modified":"2024-12-30T07:45:09","modified_gmt":"2024-12-30T07:45:09","slug":"daniel-david-noul-ministru-al-educatiei-profesorii-ar-trebui-sa-aiba-cele-mai-putine-activitati-administrative-ca-sa-se-poata-ocupa-de-copii","status":"publish","type":"post","link":"https:\/\/247stiri.ro\/index.php\/2024\/12\/30\/daniel-david-noul-ministru-al-educatiei-profesorii-ar-trebui-sa-aiba-cele-mai-putine-activitati-administrative-ca-sa-se-poata-ocupa-de-copii\/","title":{"rendered":"Daniel David, noul ministru al Educa\u021biei: \u201eProfesorii ar trebui s\u0103 aib\u0103 cele mai pu\u021bine activit\u0103\u021bi administrative ca s\u0103 se poat\u0103 ocupa de copii\u201d"},"content":{"rendered":"<p>Noul ministru al Educa\u021biei a declarat c\u0103 una dintre priorit\u0103\u021bile sale este ca profesorii s\u0103 aib\u0103 c\u00e2t mai pu\u021bine activit\u0103\u021bi administrative, astfel \u00eenc\u00e2t s\u0103 \u00ee\u0219i poat\u0103 dedica timpul copiilor \u0219i studen\u021bilor.<\/p>\n<p>\u201eA\u0219 vrea s\u0103 v\u0103d cu adev\u0103rat pe rafturile lor mai multe c\u0103r\u021bi, mai multe reviste \u0219i mai pu\u021bine bibliorafturi, dar pentru asta va trebui s\u0103 analiz\u0103m foarte atent. Iar\u0103\u0219i trebuie f\u0103cut \u00eentr-un termen rezonabil. Nu po\u021bi s\u0103 promi\u021bi c\u0103 faci aceste lucruri c\u00e2teva s\u0103pt\u0103m\u00e2ni sau luni. \u00cen aceste noi legi care au ap\u0103rut \u00een zona educa\u021biei, Legea \u00cenv\u0103\u021b\u0103m\u00e2ntului Preuniversitar \u0219i Legea \u00cenv\u0103\u021b\u0103m\u00e2ntului Superior, acolo, din dorin\u021ba de a reglementa multe lucruri, de a face foarte multe lucruri, multe din aceste m\u0103suri au ajuns pe umerii profesorilor, care, de fapt, ar trebui s\u0103 aib\u0103 cele mai pu\u021bine activit\u0103\u021bi administrative ca s\u0103 se poat\u0103 ocupa de copii\u201d, a ad\u0103ugat acesta, subliniind necesitatea de a reg\u00e2ndi structura birocratic\u0103 \u00een educa\u021bie.<\/p>\n<p>\u00cen opinia sa, legisla\u021bia recent adoptat\u0103, precum Legea \u00cenv\u0103\u021b\u0103m\u00e2ntului Preuniversitar \u0219i Legea \u00cenv\u0103\u021b\u0103m\u00e2ntului Superior, a impus prea multe m\u0103suri administrative asupra cadrelor didactice, \u00een detrimentul activit\u0103\u021bii educa\u021bionale propriu-zise.<\/p>\n<p>Ads\u00a0<\/p>\n<p>M\u0103suri pe termen scurt \u0219i lung<\/p>\n<p>Ministrul a precizat c\u0103 inten\u021bioneaz\u0103 s\u0103 implementeze schimb\u0103rile necesare \u00een dou\u0103 etape. Prima etap\u0103, pe termen scurt, va avea loc p\u00e2n\u0103 la alegerile preziden\u021biale, c\u00e2nd se vor clarifica diversele ajust\u0103ri ale institu\u021biilor statului. Dup\u0103 aceast\u0103 perioad\u0103, va urma o etap\u0103 \u00een care vor fi implementate schimb\u0103rile concrete, care vor include o reducere semnificativ\u0103 a sarcinilor administrative pentru profesori. \u201eNu po\u021bi promite c\u0103 aceste schimb\u0103ri vor avea loc \u00een c\u00e2teva s\u0103pt\u0103m\u00e2ni sau luni, \u00eens\u0103 pot s\u0103 le spun profesorilor c\u0103 vom analiza atent situa\u021bia \u0219i vom lua m\u0103surile necesare \u00eentr-un termen rezonabil\u201d, a mai ad\u0103ugat ministrul.<\/p>\n<p>Daniel David a men\u021bionat \u0219i provoc\u0103rile cu care se confrunt\u0103 \u00eenv\u0103\u021b\u0103m\u00e2ntul superior, unde profesorii au ajuns s\u0103 petreac\u0103 mult mai mult timp raport\u00e2nd date \u0219i realiz\u00e2nd evalu\u0103ri dec\u00e2t s\u0103 se ocupe de educa\u021bia studen\u021bilor sau de activitatea de cercetare. Acesta a recunoscut c\u0103 \u0219i \u00een acest domeniu este nevoie urgent\u0103 de debirocratizare, iar obiectivul s\u0103u este de a reduce aceste activit\u0103\u021bi administrative care distrag aten\u021bia de la scopul principal al \u00eenv\u0103\u021b\u0103m\u00e2ntului superior.<\/p>\n<p>\u00a0<\/p>","protected":false},"excerpt":{"rendered":"<p>Noul ministru al Educa\u021biei a declarat c\u0103 una dintre priorit\u0103\u021bile sale este ca profesorii s\u0103&hellip;<\/p>\n","protected":false},"author":0,"featured_media":19982,"comment_status":"open","ping_status":"open","sticky":false,"template":"","format":"standard","meta":{"footnotes":""},"categories":[2],"tags":[],"class_list":["post-19985","post","type-post","status-publish","format-standard","has-post-thumbnail","hentry","category-actual"],"_links":{"self":[{"href":"https:\/\/247stiri.ro\/index.php\/wp-json\/wp\/v2\/posts\/19985","targetHints":{"allow":["GET"]}}],"collection":[{"href":"https:\/\/247stiri.ro\/index.php\/wp-json\/wp\/v2\/posts"}],"about":[{"href":"https:\/\/247stiri.ro\/index.php\/wp-json\/wp\/v2\/types\/post"}],"replies":[{"embeddable":true,"href":"https:\/\/247stiri.ro\/index.php\/wp-json\/wp\/v2\/comments?post=19985"}],"version-history":[{"count":0,"href":"https:\/\/247stiri.ro\/index.php\/wp-json\/wp\/v2\/posts\/19985\/revisions"}],"wp:featuredmedia":[{"embeddable":true,"href":"https:\/\/247stiri.ro\/index.php\/wp-json\/wp\/v2\/media\/19982"}],"wp:attachment":[{"href":"https:\/\/247stiri.ro\/index.php\/wp-json\/wp\/v2\/media?parent=19985"}],"wp:term":[{"taxonomy":"category","embeddable":true,"href":"https:\/\/247stiri.ro\/index.php\/wp-json\/wp\/v2\/categories?post=19985"},{"taxonomy":"post_tag","embeddable":true,"href":"https:\/\/247stiri.ro\/index.php\/wp-json\/wp\/v2\/tags?post=19985"}],"curies":[{"name":"wp","href":"https:\/\/api.w.org\/{rel}","templated":true}]}}