{"id":19993,"date":"2024-12-30T07:45:10","date_gmt":"2024-12-30T07:45:10","guid":{"rendered":"https:\/\/247stiri.ro\/index.php\/2024\/12\/30\/caz-socant-in-cluj-napoca-si-a-dat-foc-in-masina-dupa-o-ceara-monstru-cu-sotia-a-ajuns-la-spital-intubat-cu-arsuri-grave-reactia-femeii\/"},"modified":"2024-12-30T07:45:10","modified_gmt":"2024-12-30T07:45:10","slug":"caz-socant-in-cluj-napoca-si-a-dat-foc-in-masina-dupa-o-ceara-monstru-cu-sotia-a-ajuns-la-spital-intubat-cu-arsuri-grave-reactia-femeii","status":"publish","type":"post","link":"https:\/\/247stiri.ro\/index.php\/2024\/12\/30\/caz-socant-in-cluj-napoca-si-a-dat-foc-in-masina-dupa-o-ceara-monstru-cu-sotia-a-ajuns-la-spital-intubat-cu-arsuri-grave-reactia-femeii\/","title":{"rendered":"Caz \u0219ocant, \u00een Cluj-Napoca: \u0219i-a dat foc \u00een ma\u0219in\u0103, dup\u0103 o cear\u0103-monstru cu so\u021bia. A ajuns la spital intubat, cu arsuri grave. Reac\u021bia femeii"},"content":{"rendered":"<p>Incidentul mai pu\u0163in obi\u015fnuit a avut loc pe strada Mehedin\u0163i, din Cluj-Napoca, duminic\u0103.<\/p>\n<p>Pompierii care au fost solicita\u0163i s\u0103 intervin\u0103 pentru stingerea focului l-au g\u0103sit la fa\u0163a locului pe b\u0103rbatul de 39 de ani care suferise arsuri extrem de grave dup\u0103 ce, \u00een urma unui conflict cu so\u0163ia, \u015fi-a stropit ma\u015fina cu combustibil \u015fi a \u00eencercat s\u0103 se autoincendieze odat\u0103 cu aceasta.<\/p>\n<p>Martorii spun c\u0103 la un moment dat l-au v\u0103zut pe b\u0103rbat ie\u015find din automobil cu hainele \u00een fl\u0103c\u0103ri, el fiind apoi preluat de un echipaj de terapie inteniv\u0103 ajuns la locul incidentului, care l-a intubat \u015fi l-a transportat la spital.<\/p>\n<p>So\u0163ia b\u0103rbatului a suferit, de asemenea, arsuri, \u00een timp ce se str\u0103duia s\u0103 sting\u0103 incendiul, potrivit presei locale.<\/p>\n<p>\u201eAutoturismul este situat l\u00e2ng\u0103 un bloc de locuin\u0163e, iar c\u0103 m\u0103sura preventiv\u0103 au fost evacuate patru persoane din interiorul acestuia. Toate persoanele urmeaz\u0103 s\u0103 au fost evaluate medical\u201d, a informat ISU Cluj.<\/p>\n<p>Primele concluzii ale anchetei deschise de poli\u0163ie \u00een urma incendiului care a mistuit ma\u015fina arat\u0103 c\u0103 focul a fost pus inten\u0163ionat de c\u0103tre proprietarul acesteia, \u00een urma unei ne\u00een\u0163elegeri cu so\u0163ia sa.<\/p>\n<p>\u201eDin primele verific\u0103ri efectuate la fa\u0163a locului, s-a stabilit c\u0103 un b\u0103rbat, de 39 de ani, pe fondul unor discu\u0163ii contradictorii cu so\u0163ia sa, \u00een v\u00e2rst\u0103 de 34 de ani, a ie\u015fit din locuin\u0163\u0103, s-a urcat \u00eentr-un autoturism, iar ulterior, folosind un lichid inflamabil, ar fi incendiat componente ale vehiculului, ceea ce ar fi condus la propagarea rapid\u0103 a focului \u015fi deteriorarea autoturismului\u201d, a informat IPJ Cluj.<\/p>\n<p>\u00a0<\/p>\n<p>\u00a0<\/p>","protected":false},"excerpt":{"rendered":"<p>Incidentul mai pu\u0163in obi\u015fnuit a avut loc pe strada Mehedin\u0163i, din Cluj-Napoca, duminic\u0103. Pompierii care&hellip;<\/p>\n","protected":false},"author":0,"featured_media":19994,"comment_status":"open","ping_status":"open","sticky":false,"template":"","format":"standard","meta":{"footnotes":""},"categories":[2],"tags":[],"class_list":["post-19993","post","type-post","status-publish","format-standard","has-post-thumbnail","hentry","category-actual"],"_links":{"self":[{"href":"https:\/\/247stiri.ro\/index.php\/wp-json\/wp\/v2\/posts\/19993","targetHints":{"allow":["GET"]}}],"collection":[{"href":"https:\/\/247stiri.ro\/index.php\/wp-json\/wp\/v2\/posts"}],"about":[{"href":"https:\/\/247stiri.ro\/index.php\/wp-json\/wp\/v2\/types\/post"}],"replies":[{"embeddable":true,"href":"https:\/\/247stiri.ro\/index.php\/wp-json\/wp\/v2\/comments?post=19993"}],"version-history":[{"count":0,"href":"https:\/\/247stiri.ro\/index.php\/wp-json\/wp\/v2\/posts\/19993\/revisions"}],"wp:featuredmedia":[{"embeddable":true,"href":"https:\/\/247stiri.ro\/index.php\/wp-json\/wp\/v2\/media\/19994"}],"wp:attachment":[{"href":"https:\/\/247stiri.ro\/index.php\/wp-json\/wp\/v2\/media?parent=19993"}],"wp:term":[{"taxonomy":"category","embeddable":true,"href":"https:\/\/247stiri.ro\/index.php\/wp-json\/wp\/v2\/categories?post=19993"},{"taxonomy":"post_tag","embeddable":true,"href":"https:\/\/247stiri.ro\/index.php\/wp-json\/wp\/v2\/tags?post=19993"}],"curies":[{"name":"wp","href":"https:\/\/api.w.org\/{rel}","templated":true}]}}