{"id":19995,"date":"2024-12-30T07:45:10","date_gmt":"2024-12-30T07:45:10","guid":{"rendered":"https:\/\/247stiri.ro\/index.php\/2024\/12\/30\/un-barbat-din-arad-a-descoperit-o-grenada-in-apartamentul-pe-care-il-cumparase-locatarii-blocului-au-fost-evacuati\/"},"modified":"2024-12-30T07:45:10","modified_gmt":"2024-12-30T07:45:10","slug":"un-barbat-din-arad-a-descoperit-o-grenada-in-apartamentul-pe-care-il-cumparase-locatarii-blocului-au-fost-evacuati","status":"publish","type":"post","link":"https:\/\/247stiri.ro\/index.php\/2024\/12\/30\/un-barbat-din-arad-a-descoperit-o-grenada-in-apartamentul-pe-care-il-cumparase-locatarii-blocului-au-fost-evacuati\/","title":{"rendered":"Un b\u0103rbat din Arad a descoperit o grenad\u0103 \u00een apartamentul pe care \u00eel cump\u0103rase. Locatarii blocului au fost evacua\u021bi"},"content":{"rendered":"<p>Un b\u0103rbat din Arad a g\u0103sit o grenad\u0103 \u00een apartamentul pe care \u00eel cump\u0103rase.<\/p>\n<p>Ar\u0103deanul a f\u0103cut descoperirea \u00een momentul \u00een care a \u00eenceput cur\u0103\u021benia general\u0103. Acesta a m\u0103rturisit c\u0103 a cump\u0103rat apartamentul \u00een luna martie de la o familie plecat\u0103 \u00een Spania. Grenada ofensiv\u0103 a fost g\u0103sit\u0103 \u00een dulap.<\/p>\n<p>Conform presei locale, ar\u0103deanul a sunat imediat la 112, iar mai multe echipaje de poli\u021bie au sosit la fa\u021ba locului. To\u021bi locatarii din bloc, din aproximativ 15 apartamente, au fost evacua\u021bi. Pentru ridicarea grenadei au fost chema\u021bi ofi\u021berii antitero din Timi\u0219oara. Abia dup\u0103 ce muni\u021bia a fost scoas\u0103 din bloc, oamenii au putut reveni \u00een locuin\u021be. Acum, oamenii legii fac o anchet\u0103 pentru a stabili cum a ajuns grenada in acel apartament.<\/p>\n<p>\u201ePoli\u0163i\u015ftii Serviciului Arme, Explozivi \u015fi Substan\u0163e Periculoase au fost sesiza\u0163i despre faptul c\u0103, \u00eentr-un imobil din municipiu, a fost g\u0103sit un proiectil ce p\u0103rea a fi o grenad\u0103. Obiectul pirotehnic a fost ridicat \u00een vederea continu\u0103rii cercet\u0103rilor, fiind predat echipei pirotehnice din cadrul Inspectoratului pentru Situa\u0163ii de Urgen\u0163\u0103 Arad, pentru transportarea \u015fi depozitarea acestuia \u00een condi\u0163ii de siguran\u0163\u0103.<\/p>\n<p>\u00cen cauz\u0103 a fost \u00eentocmit un dosar penal, pentru nerespectarea materiilor explozive, \u00een vederea stabilirii st\u0103rii de fapt, stabilirii provenien\u0163ei \u015fi lu\u0103rii m\u0103surilor legale\u201d, au precizat luni, reprezentan\u0163ii Biroului de pres\u0103 al Inspectoratului de Poli\u0163ie Jude\u0163ean Arad, potrivit\u00a0Agerpres.<\/p>","protected":false},"excerpt":{"rendered":"<p>Un b\u0103rbat din Arad a g\u0103sit o grenad\u0103 \u00een apartamentul pe care \u00eel cump\u0103rase. Ar\u0103deanul&hellip;<\/p>\n","protected":false},"author":0,"featured_media":19996,"comment_status":"open","ping_status":"open","sticky":false,"template":"","format":"standard","meta":{"footnotes":""},"categories":[2],"tags":[],"class_list":["post-19995","post","type-post","status-publish","format-standard","has-post-thumbnail","hentry","category-actual"],"_links":{"self":[{"href":"https:\/\/247stiri.ro\/index.php\/wp-json\/wp\/v2\/posts\/19995","targetHints":{"allow":["GET"]}}],"collection":[{"href":"https:\/\/247stiri.ro\/index.php\/wp-json\/wp\/v2\/posts"}],"about":[{"href":"https:\/\/247stiri.ro\/index.php\/wp-json\/wp\/v2\/types\/post"}],"replies":[{"embeddable":true,"href":"https:\/\/247stiri.ro\/index.php\/wp-json\/wp\/v2\/comments?post=19995"}],"version-history":[{"count":0,"href":"https:\/\/247stiri.ro\/index.php\/wp-json\/wp\/v2\/posts\/19995\/revisions"}],"wp:featuredmedia":[{"embeddable":true,"href":"https:\/\/247stiri.ro\/index.php\/wp-json\/wp\/v2\/media\/19996"}],"wp:attachment":[{"href":"https:\/\/247stiri.ro\/index.php\/wp-json\/wp\/v2\/media?parent=19995"}],"wp:term":[{"taxonomy":"category","embeddable":true,"href":"https:\/\/247stiri.ro\/index.php\/wp-json\/wp\/v2\/categories?post=19995"},{"taxonomy":"post_tag","embeddable":true,"href":"https:\/\/247stiri.ro\/index.php\/wp-json\/wp\/v2\/tags?post=19995"}],"curies":[{"name":"wp","href":"https:\/\/api.w.org\/{rel}","templated":true}]}}