{"id":19997,"date":"2024-12-30T07:45:11","date_gmt":"2024-12-30T07:45:11","guid":{"rendered":"https:\/\/247stiri.ro\/index.php\/2024\/12\/30\/doliu-national-in-coreea-de-sud-dupa-cel-mai-grav-accident-aviatic-din-istoria-tarii\/"},"modified":"2024-12-30T07:45:11","modified_gmt":"2024-12-30T07:45:11","slug":"doliu-national-in-coreea-de-sud-dupa-cel-mai-grav-accident-aviatic-din-istoria-tarii","status":"publish","type":"post","link":"https:\/\/247stiri.ro\/index.php\/2024\/12\/30\/doliu-national-in-coreea-de-sud-dupa-cel-mai-grav-accident-aviatic-din-istoria-tarii\/","title":{"rendered":"Doliu na\u0163ional \u00een Coreea de Sud dup\u0103 cel mai grav accident aviatic din istoria \u0163\u0103rii"},"content":{"rendered":"<p>O \u00eenregistrare video a accidentului de duminic\u0103 diminea\u0163a, difuzat\u0103 de canalul local MBC, a f\u0103cut \u00eenconjurul lumii: aceasta ar\u0103ta un avion care aterizeaz\u0103 pe burt\u0103 pe aeroportul Muan, cu fumul ie\u015find din motoare, \u00eenainte de a lovi un zid la cap\u0103tul pistei \u015fi de a fi cuprins de fl\u0103c\u0103ri.<\/p>\n<p>Boeingul 737-800 apar\u0163in\u00e2nd companiei sud-coreene low-cost Jeju Air zbura din Bangkok \u015fi transporta 175 de pasageri \u015fi \u015fase membri ai echipajului. Conform bilan\u0163ului final al opera\u0163iunilor de salvare, to\u0163i pasagerii au murit, cu excep\u0163ia unei \u00eenso\u0163itoare de bord \u015fi a unui steward. Persoanele aflate la bord, doi cet\u0103\u0163eni thailandezi \u015fi restul cet\u0103\u0163eni sud-coreeni, aveau v\u00e2rste cuprinse \u00eentre trei \u015fi 78 de ani. Identitatea a 141 din cei 179 de mor\u0163i a fost confirmat\u0103 p\u00e2n\u0103 \u00een prezent, potrivit Ministerului Teritoriilor, care citeaz\u0103 luni anchetatorii.<\/p>\n<p>\u0162ara a declarat o perioad\u0103 de doliu na\u0163ional de \u015fapte zile, iar drapelele au fost arborate \u00een bern\u0103, \u00een timp ce pre\u015fedintele interimar Choi Sang-mok viziteaz\u0103 locul tragediei pentru o ceremonie de comemorare. Alte ceremonii sunt planificate \u00een alte locuri din Coreea de Sud.<\/p>\n<p>Inspec\u0163ii speciale<\/p>\n<p>Seulul \u00ee\u015fi examineaz\u0103 op\u0163iunile de a lansa \u201einspec\u0163ii speciale\u201d ale celor 101 Boeing 737-800 care opereaz\u0103 \u00een \u0163ar\u0103, a declarat reporterilor Joo Jong-wan, \u015feful avia\u0163iei din cadrul Ministerului Transporturilor.<\/p>\n<p>Potrivit autorit\u0103\u0163ilor, cauza presupus\u0103 a tragediei a fost o coliziune cu p\u0103s\u0103ri, de care pilo\u0163ii se tem, mai ales \u00een cazul avioanelor cu reac\u0163ie ale c\u0103ror motoare pot pierde rapid din putere sau se pot opri complet dup\u0103 aspirarea unei p\u0103s\u0103ri.<\/p>\n<p>\u00cen ciuda teoriei avansate de autorit\u0103\u0163i, criticii se concentreaz\u0103 tot mai mult pe arhitectura aeroportului. \u201e\u00cen ciuda urgen\u0163ei, aterizarea a fost remarcabil de bine executat\u0103\u201d, a declarat pentru AFP Kim Kwang-il, profesor de \u015ftiin\u0163e aeronautice la Universitatea Silla \u015fi fost pilot. Dar \u201e\u00een mod normal, nu exist\u0103 un astfel de obstacol solid la cap\u0103tul pistei, ceea ce contravine standardelor interna\u0163ionale de siguran\u0163\u0103 aviatic\u0103 recomandate de (&#8230;) Organiza\u0163ia Avia\u0163iei Civile Interna\u0163ionale (OACI) \u015fi Agen\u0163ia Uniunii Europene pentru Siguran\u0163a Avia\u0163iei (EASA). Structura \u00een cauz\u0103 a provocat coliziunea \u015fi incendiul\u201d, a spus el.<\/p>\n<p>\u00cen ceea ce prive\u015fte ancheta, cutiile negre, \u00eenregistratorul de voce din cabina de pilotaj \u015fi \u00eenregistratorul de date de zbor au fost g\u0103site duminic\u0103. Agen\u0163ia Na\u0163ional\u0103 pentru Siguran\u0163a Transporturilor din SUA a declarat pe X c\u0103 a reunit \u201eo echip\u0103 de anchetatori americani\u201d, inclusiv Boeing, pentru a \u201easista\u201d autorit\u0103\u0163ile sud-coreene.<\/p>","protected":false},"excerpt":{"rendered":"<p>O \u00eenregistrare video a accidentului de duminic\u0103 diminea\u0163a, difuzat\u0103 de canalul local MBC, a f\u0103cut&hellip;<\/p>\n","protected":false},"author":0,"featured_media":19980,"comment_status":"open","ping_status":"open","sticky":false,"template":"","format":"standard","meta":{"footnotes":""},"categories":[2],"tags":[],"class_list":["post-19997","post","type-post","status-publish","format-standard","has-post-thumbnail","hentry","category-actual"],"_links":{"self":[{"href":"https:\/\/247stiri.ro\/index.php\/wp-json\/wp\/v2\/posts\/19997","targetHints":{"allow":["GET"]}}],"collection":[{"href":"https:\/\/247stiri.ro\/index.php\/wp-json\/wp\/v2\/posts"}],"about":[{"href":"https:\/\/247stiri.ro\/index.php\/wp-json\/wp\/v2\/types\/post"}],"replies":[{"embeddable":true,"href":"https:\/\/247stiri.ro\/index.php\/wp-json\/wp\/v2\/comments?post=19997"}],"version-history":[{"count":0,"href":"https:\/\/247stiri.ro\/index.php\/wp-json\/wp\/v2\/posts\/19997\/revisions"}],"wp:featuredmedia":[{"embeddable":true,"href":"https:\/\/247stiri.ro\/index.php\/wp-json\/wp\/v2\/media\/19980"}],"wp:attachment":[{"href":"https:\/\/247stiri.ro\/index.php\/wp-json\/wp\/v2\/media?parent=19997"}],"wp:term":[{"taxonomy":"category","embeddable":true,"href":"https:\/\/247stiri.ro\/index.php\/wp-json\/wp\/v2\/categories?post=19997"},{"taxonomy":"post_tag","embeddable":true,"href":"https:\/\/247stiri.ro\/index.php\/wp-json\/wp\/v2\/tags?post=19997"}],"curies":[{"name":"wp","href":"https:\/\/api.w.org\/{rel}","templated":true}]}}