{"id":2000,"date":"2024-10-25T20:46:43","date_gmt":"2024-10-25T20:46:43","guid":{"rendered":"https:\/\/247stiri.ro\/index.php\/2024\/10\/25\/banul-e-ochiul-dracului-preot-vicar-din-salajului-retinut-de-politisti-si-a-insusit-3-milioane-de-lei\/"},"modified":"2024-10-25T20:46:43","modified_gmt":"2024-10-25T20:46:43","slug":"banul-e-ochiul-dracului-preot-vicar-din-salajului-retinut-de-politisti-si-a-insusit-3-milioane-de-lei","status":"publish","type":"post","link":"https:\/\/247stiri.ro\/index.php\/2024\/10\/25\/banul-e-ochiul-dracului-preot-vicar-din-salajului-retinut-de-politisti-si-a-insusit-3-milioane-de-lei\/","title":{"rendered":"Banul e ochiul dracului! Preot vicar din S\u0103lajului, re\u0163inut de poli\u021bi\u0219ti. \u0218i-a \u00eensu\u0219it 3 milioane de lei"},"content":{"rendered":"<p>Opera\u021biunea de re\u021binerea\u00a0 a ex-vicarului s-a desf\u0103\u0219urat \u00een urma a 6 perchezi\u021bii domiciliare, de unde anchetatorii au ridicat mai multe documente, potrivit <a href=\"https:\/\/www.sportulsalajean.ro\/fostul-vicar-eparhial-in-cadrul-episcopiei-salajului-a-fost-saltat-in-aceasta-dimineata-si-retinut-de-catre-procurori-a-259952\" target=\"_blank\" rel=\"noopener\">Sportul S\u0103l\u0103jean.<\/a>\u00a0B\u0103rbatul ocup\u0103 din 2020 func\u021bia de vicar eparhial, pozi\u021bie din care are acces la conturile bancare ale institu\u021biei \u0219i care i-a permis s\u0103 direc\u021bioneze fondurile c\u0103tre propriul s\u0103u buzunar. Pentru a nu trezi suspiciuni, vicarul ar fi falsificat mai multe \u00eenscrisuri, pentru a crea impresia c\u0103 transferurile bancare din contul institu\u021biei \u00een ale sale sunt justificate \u0219i legale.\u00a0Investiga\u021bia procurorilor a ar\u0103tat c\u0103 vicarul \u0219i-a \u00eensu\u0219it o parte din bani \u00een mod direct, \u00een timp ce alte sume au fost mutate prin CAR pentru plata unui \u00eemprumut. Cu toate acestea, banii ajungeau \u00een cele din urm\u0103 tot la el.\u00a0<\/p>","protected":false},"excerpt":{"rendered":"<p>Opera\u021biunea de re\u021binerea\u00a0 a ex-vicarului s-a desf\u0103\u0219urat \u00een urma a 6 perchezi\u021bii domiciliare, de unde&hellip;<\/p>\n","protected":false},"author":0,"featured_media":2001,"comment_status":"open","ping_status":"open","sticky":false,"template":"","format":"standard","meta":{"footnotes":""},"categories":[2],"tags":[],"class_list":["post-2000","post","type-post","status-publish","format-standard","has-post-thumbnail","hentry","category-actual"],"_links":{"self":[{"href":"https:\/\/247stiri.ro\/index.php\/wp-json\/wp\/v2\/posts\/2000","targetHints":{"allow":["GET"]}}],"collection":[{"href":"https:\/\/247stiri.ro\/index.php\/wp-json\/wp\/v2\/posts"}],"about":[{"href":"https:\/\/247stiri.ro\/index.php\/wp-json\/wp\/v2\/types\/post"}],"replies":[{"embeddable":true,"href":"https:\/\/247stiri.ro\/index.php\/wp-json\/wp\/v2\/comments?post=2000"}],"version-history":[{"count":0,"href":"https:\/\/247stiri.ro\/index.php\/wp-json\/wp\/v2\/posts\/2000\/revisions"}],"wp:featuredmedia":[{"embeddable":true,"href":"https:\/\/247stiri.ro\/index.php\/wp-json\/wp\/v2\/media\/2001"}],"wp:attachment":[{"href":"https:\/\/247stiri.ro\/index.php\/wp-json\/wp\/v2\/media?parent=2000"}],"wp:term":[{"taxonomy":"category","embeddable":true,"href":"https:\/\/247stiri.ro\/index.php\/wp-json\/wp\/v2\/categories?post=2000"},{"taxonomy":"post_tag","embeddable":true,"href":"https:\/\/247stiri.ro\/index.php\/wp-json\/wp\/v2\/tags?post=2000"}],"curies":[{"name":"wp","href":"https:\/\/api.w.org\/{rel}","templated":true}]}}