{"id":20049,"date":"2024-12-30T10:45:44","date_gmt":"2024-12-30T10:45:44","guid":{"rendered":"https:\/\/247stiri.ro\/index.php\/2024\/12\/30\/doliu-urias-pe-scena-culturala-romaneasca-a-murit-profesorul-si-lingvistul-de-renume-international-alexandru-niculescu\/"},"modified":"2024-12-30T10:45:44","modified_gmt":"2024-12-30T10:45:44","slug":"doliu-urias-pe-scena-culturala-romaneasca-a-murit-profesorul-si-lingvistul-de-renume-international-alexandru-niculescu","status":"publish","type":"post","link":"https:\/\/247stiri.ro\/index.php\/2024\/12\/30\/doliu-urias-pe-scena-culturala-romaneasca-a-murit-profesorul-si-lingvistul-de-renume-international-alexandru-niculescu\/","title":{"rendered":"Doliu uria\u0219 pe scena cultural\u0103 rom\u00e2neasc\u0103! A murit profesorul \u0219i lingvistul de renume interna\u021bional Alexandru Niculescu"},"content":{"rendered":"<p>\u00a0&#8222;S-a stins din via\u0163\u0103, la Paris, la 96 de ani, profesorul \u015fi lingvistul Alexandru Niculescu. A fost un str\u0103lucit urma\u015f al profesorilor s\u0103i, marii lingvi\u015fti Alexandru Rosetti \u015fi Iorgu Iordan. Imediat dup\u0103 absolvirea Facult\u0103\u0163ii de Litere, \u00een 1950, \u015fi p\u00e2n\u0103 \u00een 1985 a predat lingvistic\u0103 romanic\u0103 \u015fi lingvistic\u0103 rom\u00e2neasc\u0103 la Universitatea din Bucure\u015fti&#8221;, a scris Vulpescu, pe pagina sa de Facebook.<\/p>\n<p>\u00cen 1985 a cerut azil politic \u00een Fran\u0163a \u015fi a fost una dintre vocile respectate ale exilului rom\u00e2nesc, \u00een ultimii ani ai comunismului. Profesor asociat la Universitatea Paris IV &#8211; Sorbona, a fost profesor la Viena, Padova \u015fi a ocupat prin concurs prima catedr\u0103 de limba rom\u00e2n\u0103 a Universit\u0103\u0163ii din Udine.<\/p>\n<p>&#8222;C\u00e2nd avea deja 89 de ani, am avut bucuria s\u0103 \u00eemi ofere ultima sa lucrare, &#8221; Cre\u015ftinismul rom\u00e2nesc. Studii istorico-filologice&#8221;. A fost apreciat \u00een Italia, Fran\u0163a, \u00een Rom\u00e2nia poate mai pu\u0163in dec\u00e2t ar fi meritat. Transmit so\u0163iei sale, doamna academician Florica Dimitrescu-Niculescu \u015fi fiului s\u0103u, istoricul Adrian Niculescu, \u00eentreaga mea compasiune. Dumnezeu s\u0103 \u00eel odihneasc\u0103!&#8221;, a completat Vulpescu.<\/p>","protected":false},"excerpt":{"rendered":"<p>\u00a0&#8222;S-a stins din via\u0163\u0103, la Paris, la 96 de ani, profesorul \u015fi lingvistul Alexandru Niculescu.&hellip;<\/p>\n","protected":false},"author":0,"featured_media":20050,"comment_status":"open","ping_status":"open","sticky":false,"template":"","format":"standard","meta":{"footnotes":""},"categories":[2],"tags":[],"class_list":["post-20049","post","type-post","status-publish","format-standard","has-post-thumbnail","hentry","category-actual"],"_links":{"self":[{"href":"https:\/\/247stiri.ro\/index.php\/wp-json\/wp\/v2\/posts\/20049","targetHints":{"allow":["GET"]}}],"collection":[{"href":"https:\/\/247stiri.ro\/index.php\/wp-json\/wp\/v2\/posts"}],"about":[{"href":"https:\/\/247stiri.ro\/index.php\/wp-json\/wp\/v2\/types\/post"}],"replies":[{"embeddable":true,"href":"https:\/\/247stiri.ro\/index.php\/wp-json\/wp\/v2\/comments?post=20049"}],"version-history":[{"count":0,"href":"https:\/\/247stiri.ro\/index.php\/wp-json\/wp\/v2\/posts\/20049\/revisions"}],"wp:featuredmedia":[{"embeddable":true,"href":"https:\/\/247stiri.ro\/index.php\/wp-json\/wp\/v2\/media\/20050"}],"wp:attachment":[{"href":"https:\/\/247stiri.ro\/index.php\/wp-json\/wp\/v2\/media?parent=20049"}],"wp:term":[{"taxonomy":"category","embeddable":true,"href":"https:\/\/247stiri.ro\/index.php\/wp-json\/wp\/v2\/categories?post=20049"},{"taxonomy":"post_tag","embeddable":true,"href":"https:\/\/247stiri.ro\/index.php\/wp-json\/wp\/v2\/tags?post=20049"}],"curies":[{"name":"wp","href":"https:\/\/api.w.org\/{rel}","templated":true}]}}