{"id":20057,"date":"2024-12-30T11:47:11","date_gmt":"2024-12-30T11:47:11","guid":{"rendered":"https:\/\/247stiri.ro\/index.php\/2024\/12\/30\/ciolacu-nu-regret-masurile-luate-ca-premier-ordonanta-nu-e-una-a-saraciei-companiile-sa-fie-solidare-cu-poporul-preturi-inghetate-6-luni\/"},"modified":"2024-12-30T11:47:11","modified_gmt":"2024-12-30T11:47:11","slug":"ciolacu-nu-regret-masurile-luate-ca-premier-ordonanta-nu-e-una-a-saraciei-companiile-sa-fie-solidare-cu-poporul-preturi-inghetate-6-luni","status":"publish","type":"post","link":"https:\/\/247stiri.ro\/index.php\/2024\/12\/30\/ciolacu-nu-regret-masurile-luate-ca-premier-ordonanta-nu-e-una-a-saraciei-companiile-sa-fie-solidare-cu-poporul-preturi-inghetate-6-luni\/","title":{"rendered":"Ciolacu: NU regret m\u0103surile luate ca premier. Ordonan\u021ba nu e una a s\u0103r\u0103ciei. Companiile s\u0103 fie solidare cu poporul, pre\u021buri \u00eenghe\u021bate 6 luni"},"content":{"rendered":"<p>&#8222;Ultima prognoz\u0103 oficial\u0103 a Comisiei Europene din noiembrie, dar \u0219i datele venite \u00een decembrie de la Comisia Na\u021bional\u0103 de Prognoz\u0103 au fost mult mai pesimiste dec\u00e2t a\u0219tept\u0103rile speciali\u0219tilor. Situa\u021bia s-a deteriorat accelerat \u00een majoritatea statelor UE \u00eencep\u00e2nd cu a doua parte a lunii octombrie, iar acest lucru nu avea cum s\u0103 ocoleasc\u0103 Rom\u00e2nia.\u00a0<\/p>\n<p>Noi avem deja un deficit ridicat \u00een acest an deoarece cheltuielile au fost mai mari cu 69 de miliarde de lei, adic\u0103 3,92% din PIB fa\u021b\u0103 de ceea ce era prev\u0103zut \u00een buget. \u00cens\u0103 niciun om de bun\u0103 credin\u021b\u0103 nu poate critica c\u0103 am m\u0103rit pensiile de dou\u0103 ori \u0219i am eliminat inechit\u0103\u021bile pentru 3,8 milioane de pensionari sau c\u0103 am majorat salariile profesorilor, medicilor, poli\u021bi\u0219tilor sau militarilor. Nimeni nu poate contesta c\u0103 a trebuit s\u0103 acord\u0103m bani \u00een plus pentru a men\u021bine facturile la energie \u0219i gaze neschimbate pentru popula\u021bie \u0219i economie, c\u0103 am m\u0103rit fondurile pentru s\u0103n\u0103tate sau c\u0103 am f\u0103cut investi\u021bii record \u00een infrastructur\u0103. Toate \u00eemprumuturile au fost pentru a construi autostr\u0103zi, \u0219coli \u0219i spitale \u0219i pentru a achita datoriile din urm\u0103.\u00a0Nu regret niciuna dintre aceste m\u0103suri, pentru c\u0103 am f\u0103cut dreptate pentru milioane de oameni \u0219i am ajutat economia prin investi\u021bii majore.\u00a0Avem \u00eens\u0103 \u00eenainte un an dificil din punct de vedere economic, iar \u00een fa\u021ba cifrelor \u0219i a realit\u0103\u021bii trebuie s\u0103 adopt\u0103m rapid m\u0103suri care s\u0103 protejeze Rom\u00e2nia de eventuale riscuri financiare majore.\u00a0<\/p>\n<p>Un comportament economic iresponsabil \u00een acest moment ar \u00eensemna automat sc\u0103derea rating-ului de \u021bar\u0103, alungarea investitorilor \u0219i \u00eemprumuturile la dob\u00e2nzi foarte mari. Asta \u00eenseamn\u0103 \u00een scurt timp recesiune, falimente \u0219i \u0219omaj pentru foarte mul\u021bi rom\u00e2ni.\u00a0<\/p>\n<p>De aceea, am hot\u0103r\u00e2t \u00eempreun\u0103 cu partenerii de coali\u021bie s\u0103 adopt\u0103m azi a\u0219a-zisa Ordonan\u021b\u0103 \u201eTrenule\u021b\u201d pentru a \u021bine sub control deficitul bugetar \u00een 2025, a\u0219a cum ne-am angajat \u00een fa\u021ba Comisiei Europene prin Planul Fiscal. \u00a0Am ob\u021binut o prelungire de la 4 la 7 ani pentru reducerea deficitului, iar primul pas este s\u0103 cobor\u00e2m la 7% \u00een 2025. Asta \u00eenseamn\u0103 c\u0103 vom avea acces \u00een continuare la fondurile europene \u0219i din PNRR at\u00e2t de necesare pentru a continua modernizarea Rom\u00e2niei.\u00a0<\/p>\n<p>Aceast\u0103 ordonan\u021b\u0103 nu este una a \u201eausterit\u0103\u021bii\u201d sau \u201es\u0103r\u0103ciei\u201d a\u0219a cum se spune la televizor. Austeritate a fost c\u00e2nd s-au t\u0103iat salarii cu 25%, c\u00e2nd a crescut TVA de la 19 la 24% sau c\u00e2nd s-au \u00eenchis sute de \u0219coli \u0219i spitale.\u00a0Am structurat aceast\u0103 ordonan\u021b\u0103 pe trei obiective fundamentale: stoparea cre\u0219terii cheltuielilor statului, reducerea risipei bugetare cu 1% din PIB, respectiv 19 miliarde de lei, \u0219i majorarea veniturilor la buget prin implementarea reformelor structurale din PNRR.<\/p>\n<p>Adopt\u0103m ast\u0103zi m\u0103suri clare privind reforma statului \u0219i reducerea cheltuielilor publice. \u0218i \u00eencepem cu noi, cu politicienii. Salariile demnitarilor vor fi \u00eenghe\u021bate \u0219i \u00een acest an, iar partidele vor primi cu 25% mai pu\u021bini bani. Apoi continu\u0103m cu aparatul bugetar. \u00cen acest an, nu exist\u0103 resurse financiare pentru cre\u0219terea salariilor bugetarilor. Nu se mai acord\u0103 sporuri \u0219i premii suplimentare. Fiecare leu pl\u0103tit la salariu va fi justificat prin criterii de performan\u021b\u0103 \u0219i evalu\u0103ri. Angaj\u0103rile la stat vor fi \u00eenghe\u021bate \u00een 2025. \u0218i vom trece rapid la desfiin\u021barea \u0219i comasarea de institu\u021bii \u0219i agen\u021bii publice.\u00a0<\/p>\n<p>Vom prelua un model deja consacrat \u0219i vom \u00eenfiin\u021ba Departamentul pentru eficientizarea activit\u0103\u021bii guvernamentale, care va reduce cheltuielile statului cu 1% din PIB anul viitor. Precizez, c\u0103 \u00een acest departament vor veni speciali\u0219ti din alte zone guvernamentale, care vor lucra pro bono.\u00a0\u00cen acela\u0219i timp, trebuie s\u0103 lu\u0103m m\u0103suri de cre\u0219tere a veniturilor la bugetul de stat. Am adoptat acele m\u0103suri care sunt cuprinse \u00een reforma fiscal\u0103 din PNRR cu cel mai redus impact asupra cre\u0219terii economice. Am refuzat s\u0103 t\u0103iem de la investi\u021bii sau s\u0103 cre\u0219tem impozitul pe profit sau pe venit, la fel cum am refuzat cre\u0219terea TVA care ar fi dus la cre\u0219terea infla\u021biei.\u00a0<\/p>\n<p>A\u0219adar elimin\u0103m toate facilit\u0103\u021bile fiscale \u0219i cre\u0103m un sistem fiscal echitabil. Reducem gradual pragul de impozitare la micro\u00eentreprinderi pentru a evita un \u0219oc \u00een economie. Vor fi afectate circa 30 de mii de IMM-uri, adic\u0103 10% din total, dar vom \u00eencerca s\u0103 le sprijinim prin alte scheme de ajutor de stat. De asemenea, introducem impozitul pe construc\u021biile speciale \u0219i aliniem impozitul pe dividende la impozitul pe venit, respectiv la 10%. Astfel, ne vom p\u0103stra locul 7 \u00een UE \u00een ceea ce prive\u0219te cel mai mic impozit pe dividende, \u00een fa\u021ba noastr\u0103 fiind \u021b\u0103ri precum Ungaria care are 15%, Polonia cu 19% sau Cehia cu 23%, \u00een timp ce media la nivelul UE este de 20%.\u00a0<\/p>\n<p>\u00cen final, fac un apel c\u0103tre companiile care continu\u0103 s\u0103 nu \u00ee\u0219i pl\u0103teasc\u0103 corect taxele \u0219i s\u0103 \u00ee\u0219i externalizeze profiturile. Nu mai putem a\u0219eza povar\u0103 fiscal\u0103 tot pe companiile care sunt corecte, care investesc, produc \u0219i creeaz\u0103 locuri de munc\u0103. Deci pl\u0103ti\u021bi to\u021bi corect sau pleca\u021bi!\u00a0<\/p>\n<p>Am un mesaj special pentru pensionari \u0219i pentru rom\u00e2nii cu venituri mici. M\u0103surile pe care le lu\u0103m ast\u0103zi ne dau \u00eencredere c\u0103 atunci c\u00e2nd vom face bugetul de stat \u00een ianuarie vom g\u0103si resursele financiare fie pentru a acorda un sprijin one-off pentru pensiile mici \u0219i medii, fie s\u0103 index\u0103m pensiile cu rata infla\u021biei \u00een a doua parte a anului. De asemenea, vom reduce gradual povara fiscal\u0103 pe munc\u0103 cu p\u00e2n\u0103 la 5 puncte procentuale, \u00een cazul salariilor mici \u0219i a familiilor cu copii. \u0218i mai solicit tuturor companiilor din Rom\u00e2nia un moratoriu de 6 luni de zile pentru \u00eenghe\u021barea pre\u021burilor \u0219i solidaritate cu popula\u021bia \u0219i Guvernul Rom\u00e2niei.\u00a0<\/p>\n<p>Ca prim-ministru, sunt preg\u0103tit pentru orice critic\u0103. \u00cen acest mandat nu am de g\u00e2nd s\u0103 fiu popular, ci s\u0103 fiu extrem de eficient. Critica\u021bi-m\u0103 pe mine, dar l\u0103sa\u021bi Rom\u00e2nia s\u0103 mearg\u0103 \u00eenainte \u0219i s\u0103 se dezvolte. Nu se poate altfel!&#8221;, a spus Marcel Ciolacu.<\/p>\n<p>\u00a0<\/p>","protected":false},"excerpt":{"rendered":"<p>&#8222;Ultima prognoz\u0103 oficial\u0103 a Comisiei Europene din noiembrie, dar \u0219i datele venite \u00een decembrie de&hellip;<\/p>\n","protected":false},"author":0,"featured_media":20054,"comment_status":"open","ping_status":"open","sticky":false,"template":"","format":"standard","meta":{"footnotes":""},"categories":[2],"tags":[],"class_list":["post-20057","post","type-post","status-publish","format-standard","has-post-thumbnail","hentry","category-actual"],"_links":{"self":[{"href":"https:\/\/247stiri.ro\/index.php\/wp-json\/wp\/v2\/posts\/20057","targetHints":{"allow":["GET"]}}],"collection":[{"href":"https:\/\/247stiri.ro\/index.php\/wp-json\/wp\/v2\/posts"}],"about":[{"href":"https:\/\/247stiri.ro\/index.php\/wp-json\/wp\/v2\/types\/post"}],"replies":[{"embeddable":true,"href":"https:\/\/247stiri.ro\/index.php\/wp-json\/wp\/v2\/comments?post=20057"}],"version-history":[{"count":0,"href":"https:\/\/247stiri.ro\/index.php\/wp-json\/wp\/v2\/posts\/20057\/revisions"}],"wp:featuredmedia":[{"embeddable":true,"href":"https:\/\/247stiri.ro\/index.php\/wp-json\/wp\/v2\/media\/20054"}],"wp:attachment":[{"href":"https:\/\/247stiri.ro\/index.php\/wp-json\/wp\/v2\/media?parent=20057"}],"wp:term":[{"taxonomy":"category","embeddable":true,"href":"https:\/\/247stiri.ro\/index.php\/wp-json\/wp\/v2\/categories?post=20057"},{"taxonomy":"post_tag","embeddable":true,"href":"https:\/\/247stiri.ro\/index.php\/wp-json\/wp\/v2\/tags?post=20057"}],"curies":[{"name":"wp","href":"https:\/\/api.w.org\/{rel}","templated":true}]}}