{"id":20066,"date":"2024-12-30T11:47:13","date_gmt":"2024-12-30T11:47:13","guid":{"rendered":"https:\/\/247stiri.ro\/index.php\/2024\/12\/30\/cab-decizie-bomba-in-procesul-anului-cine-va-judeca-dosarul-presedintelui-ales-calin-georgescu-reactie-de-ultim-moment\/"},"modified":"2024-12-30T11:47:13","modified_gmt":"2024-12-30T11:47:13","slug":"cab-decizie-bomba-in-procesul-anului-cine-va-judeca-dosarul-presedintelui-ales-calin-georgescu-reactie-de-ultim-moment","status":"publish","type":"post","link":"https:\/\/247stiri.ro\/index.php\/2024\/12\/30\/cab-decizie-bomba-in-procesul-anului-cine-va-judeca-dosarul-presedintelui-ales-calin-georgescu-reactie-de-ultim-moment\/","title":{"rendered":"CAB, decizie bomb\u0103 \u00een procesul anului: CINE va judeca dosarul pre\u0219edintelui ales C\u0103lin Georgescu: reac\u021bie de ultim moment"},"content":{"rendered":"<p>Este tensiune maxim\u0103 la Curtea de Apel Bucure\u0219ti. O reac\u021bie de ultim moment venit\u0103 din partea reprezentan\u021bilor instan\u021bei arat\u0103 c\u0103 procesul va fi judecat de magistratul c\u0103ruia i-a fost repartizat \u00eenc\u0103 de la \u00eenceput, Cristina Ardeleanu.<\/p>\n<p>Precizarea vine\u00a0 \u00een contextul \u00een care au fost o serie de <a href=\"https:\/\/www.realitatea.net\/stiri\/politica\/controverse-uriase-la-procesul-lui-calin-georgescu-presedintele-ales-ce-manevre-se-pregatesc_67726c006b4c63104a7d8d42\" target=\"_blank\">controverse<\/a> \u0219i au ap\u0103rut acuza\u021bii publice legate de faptul c\u0103 s-ar fi schimbat \u00eentre timp magistratul din acest proces.<\/p>\n\n<p>Reac\u021bia instan\u021bei ne arat\u0103 c\u0103 la ora 14.00 &#8211; pu\u021bin peste o or\u0103 &#8211;\u00a0 \u00eel vom vedea pe C\u0103lin Georgescu \u00een fa\u021ba aceluia\u0219i complet de judecat\u0103, unde a fost repartizat ini\u021bial procesul.\u00a0<\/p>\n<p>R\u0103m\u00e2ne de v\u0103zut ce decizie va veni de la CAB.\u00a0<\/p>\n<p><a href=\"https:\/\/www.realitatea.net\/stiri\/actual\/protest-pentru-sustinerea-lui-calin-georgescu-de-la-ora-1000-la-curtea-de-apel-bucuresti_67724cdad54ec67fc53615b2\" target=\"_blank\">Protest pentru sus\u021binerea lui C\u0103lin Georgescu, la Curtea de Apel Bucure\u0219ti<\/a><\/p>\n<p>\u00a0<\/p>","protected":false},"excerpt":{"rendered":"<p>Este tensiune maxim\u0103 la Curtea de Apel Bucure\u0219ti. O reac\u021bie de ultim moment venit\u0103 din&hellip;<\/p>\n","protected":false},"author":0,"featured_media":20056,"comment_status":"open","ping_status":"open","sticky":false,"template":"","format":"standard","meta":{"footnotes":""},"categories":[2],"tags":[],"class_list":["post-20066","post","type-post","status-publish","format-standard","has-post-thumbnail","hentry","category-actual"],"_links":{"self":[{"href":"https:\/\/247stiri.ro\/index.php\/wp-json\/wp\/v2\/posts\/20066","targetHints":{"allow":["GET"]}}],"collection":[{"href":"https:\/\/247stiri.ro\/index.php\/wp-json\/wp\/v2\/posts"}],"about":[{"href":"https:\/\/247stiri.ro\/index.php\/wp-json\/wp\/v2\/types\/post"}],"replies":[{"embeddable":true,"href":"https:\/\/247stiri.ro\/index.php\/wp-json\/wp\/v2\/comments?post=20066"}],"version-history":[{"count":0,"href":"https:\/\/247stiri.ro\/index.php\/wp-json\/wp\/v2\/posts\/20066\/revisions"}],"wp:featuredmedia":[{"embeddable":true,"href":"https:\/\/247stiri.ro\/index.php\/wp-json\/wp\/v2\/media\/20056"}],"wp:attachment":[{"href":"https:\/\/247stiri.ro\/index.php\/wp-json\/wp\/v2\/media?parent=20066"}],"wp:term":[{"taxonomy":"category","embeddable":true,"href":"https:\/\/247stiri.ro\/index.php\/wp-json\/wp\/v2\/categories?post=20066"},{"taxonomy":"post_tag","embeddable":true,"href":"https:\/\/247stiri.ro\/index.php\/wp-json\/wp\/v2\/tags?post=20066"}],"curies":[{"name":"wp","href":"https:\/\/api.w.org\/{rel}","templated":true}]}}