{"id":20071,"date":"2024-12-30T12:47:12","date_gmt":"2024-12-30T12:47:12","guid":{"rendered":"https:\/\/247stiri.ro\/index.php\/2024\/12\/30\/ce-face-monica-tatoiu-de-revelion-obiceiul-de-la-care-nu-se-abate-niciodata\/"},"modified":"2024-12-30T12:47:12","modified_gmt":"2024-12-30T12:47:12","slug":"ce-face-monica-tatoiu-de-revelion-obiceiul-de-la-care-nu-se-abate-niciodata","status":"publish","type":"post","link":"https:\/\/247stiri.ro\/index.php\/2024\/12\/30\/ce-face-monica-tatoiu-de-revelion-obiceiul-de-la-care-nu-se-abate-niciodata\/","title":{"rendered":"Ce face Monica Tatoiu de Revelion. Obiceiul de la care nu se abate niciodat\u0103\u00a0"},"content":{"rendered":"<p>Ca aproape \u00een fiecare an de Revelion, Monica \u0219i Victor Tatoiu s\u0103rb\u0103toresc trecerea dintre ani peste hotare. De cele mai multe ori, Revelionul \u00eei prinde pe o insul\u0103 exotic\u0103, plan pe care cei doi so\u021bi \u0219i l-au f\u0103cut \u0219i pentru finalul anului 2024. Astfel, trecerea dintre ani \u00eei va prinde pe Insula Bonaire, din Marea Caraibilor.<\/p>\n<p>\u0218i, pentru c\u0103 dragostea lor a r\u0103mas la fel de vie, chiar \u0219i dup\u0103 41 de ani de rela\u021bie, Monica Tatoiu \u0219i so\u021bul ei sunt aten\u021bi la evenimentele importante din vie\u021bile lor, cum ar fi ziua \u00een care s-au cunoscut, dar \u0219i aniversarea so\u021bului.\u00a0<\/p>\n<p>De Revelion, Monica Tatoiu deschide o \u0219ampanie \u0219i \u00eencepe s\u0103rb\u0103torirea noului an, indiferent de locul \u00een care se afl\u0103, \u00een momentul \u00een care \u00een Rom\u00e2nia este ora 00:00. Apoi, \u00een anul urm\u0103tor, femeia de afaceri \u0219i Victor Tatoiu s\u0103rb\u0103toresc ziua \u00een care s-au cunoscut, iar \u00een 2025 \u00eemplinesc 42 de ani de rela\u021bie.Ulterior, cei doi so\u021bi deschid o \u0219ampanie pentru ziua de na\u0219tere a lui Victor Tatoiu, care \u00een 2025 \u00eempline\u0219te 71 de ani.<\/p>\n<p>\u201eNoi avem un ritual, \u00eentotdeauna desfacem 3 \u0219ampanii. Pe 31 decembrie, la ora 18.00, c\u00e2nd e 12 noaptea \u00een Rom\u00e2nia, deschidem \u0219ampania medie. Pe 2 ianuarie s\u0103rb\u0103torim anii de c\u00e2nd ne-am cunoscut, din 1983, alt\u0103 \u0219ampanie, \u0219i pe 5 ianuarie face Tatoiu 71 de ani, alt\u0103 \u0219ampanie. Cea mai bun\u0103 este de c\u00e2nd ne-am cunoscut\u201d, a declarat Monica Tatoiu pentru <a href=\"https:\/\/click.ro\/vedete\/vedete-romanesti\/monica-tatoiu-ritualul-de-la-care-nu-se-abate-de-2410504.html\" target=\"_blank\">Click<\/a>.<\/p>","protected":false},"excerpt":{"rendered":"<p>Ca aproape \u00een fiecare an de Revelion, Monica \u0219i Victor Tatoiu s\u0103rb\u0103toresc trecerea dintre ani&hellip;<\/p>\n","protected":false},"author":0,"featured_media":20072,"comment_status":"open","ping_status":"open","sticky":false,"template":"","format":"standard","meta":{"footnotes":""},"categories":[8],"tags":[],"class_list":["post-20071","post","type-post","status-publish","format-standard","has-post-thumbnail","hentry","category-lifestyle"],"_links":{"self":[{"href":"https:\/\/247stiri.ro\/index.php\/wp-json\/wp\/v2\/posts\/20071","targetHints":{"allow":["GET"]}}],"collection":[{"href":"https:\/\/247stiri.ro\/index.php\/wp-json\/wp\/v2\/posts"}],"about":[{"href":"https:\/\/247stiri.ro\/index.php\/wp-json\/wp\/v2\/types\/post"}],"replies":[{"embeddable":true,"href":"https:\/\/247stiri.ro\/index.php\/wp-json\/wp\/v2\/comments?post=20071"}],"version-history":[{"count":0,"href":"https:\/\/247stiri.ro\/index.php\/wp-json\/wp\/v2\/posts\/20071\/revisions"}],"wp:featuredmedia":[{"embeddable":true,"href":"https:\/\/247stiri.ro\/index.php\/wp-json\/wp\/v2\/media\/20072"}],"wp:attachment":[{"href":"https:\/\/247stiri.ro\/index.php\/wp-json\/wp\/v2\/media?parent=20071"}],"wp:term":[{"taxonomy":"category","embeddable":true,"href":"https:\/\/247stiri.ro\/index.php\/wp-json\/wp\/v2\/categories?post=20071"},{"taxonomy":"post_tag","embeddable":true,"href":"https:\/\/247stiri.ro\/index.php\/wp-json\/wp\/v2\/tags?post=20071"}],"curies":[{"name":"wp","href":"https:\/\/api.w.org\/{rel}","templated":true}]}}