{"id":20083,"date":"2024-12-30T12:47:16","date_gmt":"2024-12-30T12:47:16","guid":{"rendered":"https:\/\/247stiri.ro\/index.php\/2024\/12\/30\/3-lideri-europeni-felicitati-de-vladimir-putin-de-anul-nou-si-craciun-pe-cine-a-omis-kremlinul\/"},"modified":"2024-12-30T12:47:16","modified_gmt":"2024-12-30T12:47:16","slug":"3-lideri-europeni-felicitati-de-vladimir-putin-de-anul-nou-si-craciun-pe-cine-a-omis-kremlinul","status":"publish","type":"post","link":"https:\/\/247stiri.ro\/index.php\/2024\/12\/30\/3-lideri-europeni-felicitati-de-vladimir-putin-de-anul-nou-si-craciun-pe-cine-a-omis-kremlinul\/","title":{"rendered":"3 lideri europeni, felicita\u021bi de Vladimir Putin de Anul Nou \u0219i Cr\u0103ciun: pe cine a &#8222;omis&#8221; Kremlinul"},"content":{"rendered":"<p>\u201eFelicit\u0103ri calde\u201d pentru Viktor Orban \u0219i Aleksandar Vucic au fost anun\u021bate de serviciul de pres\u0103 al Kremlinului, care a publicat o list\u0103 a liderilor mondiali care au primit mesaje de la Putin. Prim-ministrul Ungariei \u0219i pre\u0219edintele Serbiei au primit telegrame de felicitare \u00een urm\u0103 cu o zi, relateaz\u0103 TASS, cea mai mare agen\u021bie de pres\u0103 a statului rus.<\/p>\n<p>\u201eFico a fost felicitat \u0219i el\u201d, a clarificat pentru TASS secretarul de pres\u0103 al lui Putin, Dmitri Peskov, \u00een condi\u021biile \u00een care numele prim-ministrului slovac nu se afla pe lista publicat\u0103 de Kremlin.<\/p>\n<p>Fico a sosit la Moscova pentru discu\u021bii cu Putin \u00een data de 22 decembrie.<\/p>\n<p>Cancelarul austriac Karl Nehammer l-a vizitat pe Putin \u00een aprilie 2022, la scurt timp dup\u0103 \u00eenceperea r\u0103zboiului, afirm\u00e2nd c\u0103 a mers la Moscova pentru a-i cere liderului rus s\u0103 pun\u0103 cap\u0103t conflictului.\u00a0<\/p>\n<p>TASS aminte\u0219te de asemenea c\u0103, pentru al treilea an la r\u00e2nd, Vladimir Putin nu a transmis felicit\u0103ri de Anul Nou pre\u0219edintelui american Joe Biden \u0219i \u201eliderilor altor \u021b\u0103ri occidentale importante, neprietenoase\u201d fa\u021b\u0103 de Rusia.<\/p>\n<p>Putin le ureaz\u0103 \u00een mod tradi\u021bional omologilor s\u0103i din str\u0103in\u0103tate \u0219i altor lideri un An Nou Fericit \u0219i Cr\u0103ciun Fericit la sf\u00e2r\u0219itul lunii decembrie.<\/p>\n<p>\u00cen afar\u0103 de Viktor Orban, Robert Fico \u0219i Aleksandar Vucic el i-a urat anul acesta un An Nou Fericit \u0219i aliatului s\u0103u bielorus Aleksander Luka\u0219enko, pe care UE nu \u00eel recunoa\u0219te \u00eens\u0103 ca lider legitim al \u021b\u0103rii dup\u0103 fraudarea alegerilor din 2020.<\/p>\n<p>Putin a transmis de asemenea felicit\u0103ri unui num\u0103r de fo\u0219ti \u0219efi de state \u0219i guverne str\u0103ine, printre care Raul Castro, Nursultan Nazarbaev \u0219i Gerhard Schr\u00f6der.<\/p>","protected":false},"excerpt":{"rendered":"<p>\u201eFelicit\u0103ri calde\u201d pentru Viktor Orban \u0219i Aleksandar Vucic au fost anun\u021bate de serviciul de pres\u0103&hellip;<\/p>\n","protected":false},"author":0,"featured_media":20076,"comment_status":"open","ping_status":"open","sticky":false,"template":"","format":"standard","meta":{"footnotes":""},"categories":[2],"tags":[],"class_list":["post-20083","post","type-post","status-publish","format-standard","has-post-thumbnail","hentry","category-actual"],"_links":{"self":[{"href":"https:\/\/247stiri.ro\/index.php\/wp-json\/wp\/v2\/posts\/20083","targetHints":{"allow":["GET"]}}],"collection":[{"href":"https:\/\/247stiri.ro\/index.php\/wp-json\/wp\/v2\/posts"}],"about":[{"href":"https:\/\/247stiri.ro\/index.php\/wp-json\/wp\/v2\/types\/post"}],"replies":[{"embeddable":true,"href":"https:\/\/247stiri.ro\/index.php\/wp-json\/wp\/v2\/comments?post=20083"}],"version-history":[{"count":0,"href":"https:\/\/247stiri.ro\/index.php\/wp-json\/wp\/v2\/posts\/20083\/revisions"}],"wp:featuredmedia":[{"embeddable":true,"href":"https:\/\/247stiri.ro\/index.php\/wp-json\/wp\/v2\/media\/20076"}],"wp:attachment":[{"href":"https:\/\/247stiri.ro\/index.php\/wp-json\/wp\/v2\/media?parent=20083"}],"wp:term":[{"taxonomy":"category","embeddable":true,"href":"https:\/\/247stiri.ro\/index.php\/wp-json\/wp\/v2\/categories?post=20083"},{"taxonomy":"post_tag","embeddable":true,"href":"https:\/\/247stiri.ro\/index.php\/wp-json\/wp\/v2\/tags?post=20083"}],"curies":[{"name":"wp","href":"https:\/\/api.w.org\/{rel}","templated":true}]}}