{"id":20096,"date":"2024-12-30T13:45:30","date_gmt":"2024-12-30T13:45:30","guid":{"rendered":"https:\/\/247stiri.ro\/index.php\/2024\/12\/30\/un-barbat-din-bacau-aflat-in-arest-a-incalcat-ordinul-de-protectie-si-s-a-dus-impreuna-cu-mama-si-sora-sa-sa-si-bata-concubina\/"},"modified":"2024-12-30T13:45:30","modified_gmt":"2024-12-30T13:45:30","slug":"un-barbat-din-bacau-aflat-in-arest-a-incalcat-ordinul-de-protectie-si-s-a-dus-impreuna-cu-mama-si-sora-sa-sa-si-bata-concubina","status":"publish","type":"post","link":"https:\/\/247stiri.ro\/index.php\/2024\/12\/30\/un-barbat-din-bacau-aflat-in-arest-a-incalcat-ordinul-de-protectie-si-s-a-dus-impreuna-cu-mama-si-sora-sa-sa-si-bata-concubina\/","title":{"rendered":"Un b\u0103rbat din Bac\u0103u aflat \u00een arest a \u00eenc\u0103lcat ordinul de protec\u0163ie \u015fi s-a dus, \u00eempreun\u0103 cu mama \u015fi sora sa, s\u0103-\u015fi bat\u0103 concubina"},"content":{"rendered":"<p>Incidentele au avut loc \u00een noaptea de 28 spre29 decembrie, \u00een jurul orei 2:00, \u00een comuna G\u0103iceana din jude\u0163ul Bac\u0103u, unde un b\u0103rbat care \u00ee\u015fi agresase \u015fi \u00een trecut partenera de via\u0163\u0103 \u015fi care nu avea voie s\u0103 se apropie de ea a mers la locuin\u0163a femeii s\u0103 o bat\u0103 din nou, de data aceasta \u00eenso\u0163it de mama \u015fi de sora sa.<\/p>\n<p>\u201dUn b\u0103rbat de 32 de ani, \u00eenso\u0163it de mama \u015fi de sora sa, ar fi revenit la domiciliul concubinei sale, o t\u00e2n\u0103r\u0103 de 28 de ani, de\u015fi \u00eei era interzis acest lucru prin ordinul de protec\u0163ie provizoriu emis poli\u0163i\u015fti. Totodat\u0103, b\u0103rbatul, \u00eempreun\u0103 cu cele dou\u0103 femei ar fi agresat-o pe t\u00e2n\u0103r\u0103. Dup\u0103 administrarea probatoriului, cel \u00een cauz\u0103 a fost re\u0163inut \u015fi introdus \u00een arestul I.P.J. Bac\u0103u\u201d, informeaz\u0103, luni, oficialii Poli\u0163iei Bac\u0103u.<\/p>\n<p>B\u0103c\u0103uanul este cercetat \u00een continuare \u00een cadrul unui dosar penal care vizeaz\u0103 comiterea infrac\u0163iunilor de \u00eenc\u0103lcarea m\u0103surilor dispuse prin ordin de protec\u0163ie provizoriu, violen\u0163\u0103 \u00een familie \u015fi lovire sau alte violen\u0163e.<\/p>","protected":false},"excerpt":{"rendered":"<p>Incidentele au avut loc \u00een noaptea de 28 spre29 decembrie, \u00een jurul orei 2:00, \u00een&hellip;<\/p>\n","protected":false},"author":0,"featured_media":20097,"comment_status":"open","ping_status":"open","sticky":false,"template":"","format":"standard","meta":{"footnotes":""},"categories":[2],"tags":[],"class_list":["post-20096","post","type-post","status-publish","format-standard","has-post-thumbnail","hentry","category-actual"],"_links":{"self":[{"href":"https:\/\/247stiri.ro\/index.php\/wp-json\/wp\/v2\/posts\/20096","targetHints":{"allow":["GET"]}}],"collection":[{"href":"https:\/\/247stiri.ro\/index.php\/wp-json\/wp\/v2\/posts"}],"about":[{"href":"https:\/\/247stiri.ro\/index.php\/wp-json\/wp\/v2\/types\/post"}],"replies":[{"embeddable":true,"href":"https:\/\/247stiri.ro\/index.php\/wp-json\/wp\/v2\/comments?post=20096"}],"version-history":[{"count":0,"href":"https:\/\/247stiri.ro\/index.php\/wp-json\/wp\/v2\/posts\/20096\/revisions"}],"wp:featuredmedia":[{"embeddable":true,"href":"https:\/\/247stiri.ro\/index.php\/wp-json\/wp\/v2\/media\/20097"}],"wp:attachment":[{"href":"https:\/\/247stiri.ro\/index.php\/wp-json\/wp\/v2\/media?parent=20096"}],"wp:term":[{"taxonomy":"category","embeddable":true,"href":"https:\/\/247stiri.ro\/index.php\/wp-json\/wp\/v2\/categories?post=20096"},{"taxonomy":"post_tag","embeddable":true,"href":"https:\/\/247stiri.ro\/index.php\/wp-json\/wp\/v2\/tags?post=20096"}],"curies":[{"name":"wp","href":"https:\/\/api.w.org\/{rel}","templated":true}]}}