{"id":20223,"date":"2024-12-30T20:44:50","date_gmt":"2024-12-30T20:44:50","guid":{"rendered":"https:\/\/247stiri.ro\/index.php\/2024\/12\/30\/donald-trump-a-pierdut-un-proces-in-care-a-fost-acuzat-de-agresiune-sexuala-si-defaimare\/"},"modified":"2024-12-30T20:44:50","modified_gmt":"2024-12-30T20:44:50","slug":"donald-trump-a-pierdut-un-proces-in-care-a-fost-acuzat-de-agresiune-sexuala-si-defaimare","status":"publish","type":"post","link":"https:\/\/247stiri.ro\/index.php\/2024\/12\/30\/donald-trump-a-pierdut-un-proces-in-care-a-fost-acuzat-de-agresiune-sexuala-si-defaimare\/","title":{"rendered":"Donald Trump a pierdut un proces \u00een care a fost acuzat de agresiune sexual\u0103 \u0219i def\u0103imare"},"content":{"rendered":"<p>Jean Carroll, acum \u00een v\u00e2rst\u0103 de 81 de ani, fost\u0103 jurnalist\u0103 la revista de mod\u0103 &#8222;Elle&#8221;, l-a acuzat pe Trump c\u0103 ar fi violat-o \u00een anul 1996 \u00eentr-o cabin\u0103 de prob\u0103 a unui magazin.<\/p>\n<p>fostul pre\u015fedinte, \u00een v\u00e2rst\u0103 acum de 78 de ani, reales luna trecut\u0103 \u015fi care va redeveni pe 20 ianuarie pre\u015fedinte al SUA, sus\u0163ine c\u0103 acuza\u0163ia este o fars\u0103 \u015fi neag\u0103 inclusiv c\u0103 ar fi cunoscut-o vreodat\u0103 pe Jean Carroll,\u00a0relateaz\u0103 REUTERS \u0219i EFE, conform Agepres.<\/p>\n<p>El a fost condamnat \u00een prim\u0103 instan\u0163\u0103, \u00een mai 2023, la plata a cinci milioane de dolari c\u0103tre reclamant\u0103, dar a formulat recurs. Instan\u0163a care a judecat acest recurs nu a probat infrac\u0163iunea de viol, dar a men\u0163inut totu\u015fi sentin\u0163a anterioar\u0103 \u015fi i-a dispus lui Trump s\u0103-i pl\u0103teasc\u0103 lui Jean Carroll 2,02 milioane de dolari pentru agresiune sexual\u0103 \u015fi 2,98 de milioane pentru def\u0103imare.<\/p>\n<p>\u00centr-un proces separat, deschis de Jean Carroll \u00eempotriva lui Donald Trump tot pentru def\u0103imare pe acela\u015fi subiect dup\u0103 ce el a continuat s\u0103 nege faptele chiar \u015fi dup\u0103 verdictul din mai 2023, actualul pre\u015fedinte ales a fost condamnat \u00een ianuarie \u00een prim\u0103 instan\u0163\u0103 s\u0103-i pl\u0103teasc\u0103 reclamantei o desp\u0103gubire \u00eenc\u0103 \u015fi mai mare, de 83,3 milioane de dolari, dar decizia nu este \u00eenc\u0103 definitiv\u0103, \u00eentruc\u00e2t el a formulat recurs.<\/p>\n<p>Trump a sus\u0163inut la ambele procese c\u0103 nu o cunoa\u015fte pe Carroll, c\u0103 ea oricum nu este &#8222;genul lui&#8221; \u015fi c\u0103 a fabricat acuza\u0163iile de viol pentru a-\u015fi promova cartea de memorii.<\/p>","protected":false},"excerpt":{"rendered":"<p>Jean Carroll, acum \u00een v\u00e2rst\u0103 de 81 de ani, fost\u0103 jurnalist\u0103 la revista de mod\u0103&hellip;<\/p>\n","protected":false},"author":0,"featured_media":20213,"comment_status":"open","ping_status":"open","sticky":false,"template":"","format":"standard","meta":{"footnotes":""},"categories":[2],"tags":[],"class_list":["post-20223","post","type-post","status-publish","format-standard","has-post-thumbnail","hentry","category-actual"],"_links":{"self":[{"href":"https:\/\/247stiri.ro\/index.php\/wp-json\/wp\/v2\/posts\/20223","targetHints":{"allow":["GET"]}}],"collection":[{"href":"https:\/\/247stiri.ro\/index.php\/wp-json\/wp\/v2\/posts"}],"about":[{"href":"https:\/\/247stiri.ro\/index.php\/wp-json\/wp\/v2\/types\/post"}],"replies":[{"embeddable":true,"href":"https:\/\/247stiri.ro\/index.php\/wp-json\/wp\/v2\/comments?post=20223"}],"version-history":[{"count":0,"href":"https:\/\/247stiri.ro\/index.php\/wp-json\/wp\/v2\/posts\/20223\/revisions"}],"wp:featuredmedia":[{"embeddable":true,"href":"https:\/\/247stiri.ro\/index.php\/wp-json\/wp\/v2\/media\/20213"}],"wp:attachment":[{"href":"https:\/\/247stiri.ro\/index.php\/wp-json\/wp\/v2\/media?parent=20223"}],"wp:term":[{"taxonomy":"category","embeddable":true,"href":"https:\/\/247stiri.ro\/index.php\/wp-json\/wp\/v2\/categories?post=20223"},{"taxonomy":"post_tag","embeddable":true,"href":"https:\/\/247stiri.ro\/index.php\/wp-json\/wp\/v2\/tags?post=20223"}],"curies":[{"name":"wp","href":"https:\/\/api.w.org\/{rel}","templated":true}]}}