{"id":20298,"date":"2024-12-31T07:44:46","date_gmt":"2024-12-31T07:44:46","guid":{"rendered":"https:\/\/247stiri.ro\/index.php\/2024\/12\/31\/modul-in-care-mergem-poate-dezvalui-riscul-de-dementa-o-noua-abordare-inovatoare-in-diagnosticare-a-fost-descoperita\/"},"modified":"2024-12-31T07:44:46","modified_gmt":"2024-12-31T07:44:46","slug":"modul-in-care-mergem-poate-dezvalui-riscul-de-dementa-o-noua-abordare-inovatoare-in-diagnosticare-a-fost-descoperita","status":"publish","type":"post","link":"https:\/\/247stiri.ro\/index.php\/2024\/12\/31\/modul-in-care-mergem-poate-dezvalui-riscul-de-dementa-o-noua-abordare-inovatoare-in-diagnosticare-a-fost-descoperita\/","title":{"rendered":"Modul \u00een care mergem poate dezv\u0103lui riscul de demen\u021b\u0103. O nou\u0103 abordare inovatoare \u00een diagnosticare a fost descoperit\u0103"},"content":{"rendered":"<p>Schimb\u0103rile subtile ale mersului, primele semne de alarm\u0103<\/p>\n<p>Un studiu publicat \u00een Alzheimer&#8217;s &amp; Dementia: The Journal of the Alzheimer&#8217;s Association a eviden\u021biat c\u0103 persoanele afectate de demen\u021b\u0103 cu corpi Lewy prezint\u0103 adesea varia\u021bii \u00een lungimea \u0219i ritmul pa\u0219ilor. Aceste modific\u0103ri sunt mai frecvente dec\u00e2t \u00een cazul Alzheimer \u0219i pot ajuta la identificarea precis\u0103 a tipului de demen\u021b\u0103 \u00een aproximativ 60% din cazuri, scrie Adev\u0103rul.<\/p>\n<p>Neurologul Maciel Pontes subliniaz\u0103 c\u0103 ritmul lent, pa\u0219ii scur\u021bi sau dificultatea de a men\u021bine echilibrul \u00een timpul mersului sunt deseori observate \u00eenaintea apari\u021biei altor simptome cognitive evidente. \u201eAceste schimb\u0103ri reflect\u0103 perturb\u0103ri \u00een comunicarea dintre creier \u0219i sistemul motor,\u201d a explicat Pontes.<\/p>\n<p>Modific\u0103rile \u00een stilul de mers nu doar c\u0103 ofer\u0103 indicii despre starea de s\u0103n\u0103tate fizic\u0103, dar pot deveni un instrument esen\u021bial \u00een diagnosticarea timpurie a demen\u021bei. De exemplu, afec\u021biuni precum hidrocefalia cu presiune normal\u0103 pot fi tratate eficient dac\u0103 sunt identificate \u00een stadii incipiente. De asemenea, sindromul de risc motor cognitiv, caracterizat prin pierderi de memorie \u0219i ritm lent al mersului, indic\u0103 un risc crescut de demen\u021b\u0103.<\/p>\n<p>Neurologul Renato Campos a subliniat c\u0103 aceste descoperiri deschid noi direc\u021bii pentru interven\u021biile preventive, oferind pacien\u021bilor \u0219ansa de a beneficia de tratamente mai eficiente \u0219i de o calitate a vie\u021bii mai bun\u0103.<\/p>\n<p>Cite\u0219te continuarea <a href=\"https:\/\/ziare.com\/dementa\/mod-mers-alzheimer-1914911\" target=\"_blank\">aici<\/a>.<\/p>","protected":false},"excerpt":{"rendered":"<p>Schimb\u0103rile subtile ale mersului, primele semne de alarm\u0103 Un studiu publicat \u00een Alzheimer&#8217;s &amp; Dementia:&hellip;<\/p>\n","protected":false},"author":0,"featured_media":20299,"comment_status":"open","ping_status":"open","sticky":false,"template":"","format":"standard","meta":{"footnotes":""},"categories":[8],"tags":[],"class_list":["post-20298","post","type-post","status-publish","format-standard","has-post-thumbnail","hentry","category-lifestyle"],"_links":{"self":[{"href":"https:\/\/247stiri.ro\/index.php\/wp-json\/wp\/v2\/posts\/20298","targetHints":{"allow":["GET"]}}],"collection":[{"href":"https:\/\/247stiri.ro\/index.php\/wp-json\/wp\/v2\/posts"}],"about":[{"href":"https:\/\/247stiri.ro\/index.php\/wp-json\/wp\/v2\/types\/post"}],"replies":[{"embeddable":true,"href":"https:\/\/247stiri.ro\/index.php\/wp-json\/wp\/v2\/comments?post=20298"}],"version-history":[{"count":0,"href":"https:\/\/247stiri.ro\/index.php\/wp-json\/wp\/v2\/posts\/20298\/revisions"}],"wp:featuredmedia":[{"embeddable":true,"href":"https:\/\/247stiri.ro\/index.php\/wp-json\/wp\/v2\/media\/20299"}],"wp:attachment":[{"href":"https:\/\/247stiri.ro\/index.php\/wp-json\/wp\/v2\/media?parent=20298"}],"wp:term":[{"taxonomy":"category","embeddable":true,"href":"https:\/\/247stiri.ro\/index.php\/wp-json\/wp\/v2\/categories?post=20298"},{"taxonomy":"post_tag","embeddable":true,"href":"https:\/\/247stiri.ro\/index.php\/wp-json\/wp\/v2\/tags?post=20298"}],"curies":[{"name":"wp","href":"https:\/\/api.w.org\/{rel}","templated":true}]}}