{"id":20309,"date":"2024-12-31T07:44:49","date_gmt":"2024-12-31T07:44:49","guid":{"rendered":"https:\/\/247stiri.ro\/index.php\/2024\/12\/31\/controverse-uriase-la-procesul-lui-calin-georgescu-presedintele-ales-fost-judecator-este-un-pic-neobisnuit\/"},"modified":"2024-12-31T07:44:49","modified_gmt":"2024-12-31T07:44:49","slug":"controverse-uriase-la-procesul-lui-calin-georgescu-presedintele-ales-fost-judecator-este-un-pic-neobisnuit","status":"publish","type":"post","link":"https:\/\/247stiri.ro\/index.php\/2024\/12\/31\/controverse-uriase-la-procesul-lui-calin-georgescu-presedintele-ales-fost-judecator-este-un-pic-neobisnuit\/","title":{"rendered":"Controverse uria\u0219e la procesul lui C\u0103lin Georgescu, pre\u0219edintele ales. Fost judec\u0103tor: \u201eEste un pic neobi\u0219nuit\u201d"},"content":{"rendered":"<p>\u201eCurtea de at\u00e2t se va pronun\u021ba pe fondul cauzei.\u00a0Suntem \u00een ceea ce se nume\u0219te procedura pe contesta\u021bii electorale, unde termenele sunt foarte scurte.\u00a0Calea de atac ar trebui s\u0103 fie \u00eentr-adev\u0103r recursul care este specific \u00een aceast\u0103 materie.<\/p>\n<p>Avoca\u021bii domnului Georgescu aveau probe de solicitat.\u00a0Aceste probe vizau, bine\u00een\u021beles, acele documente informa\u021bii\u00a0sau ce au depus aceste servicii de informa\u021bii la Curtea Constitu\u021bional\u0103\u00a0\u0219i care ar fi stat la baza acelei hot\u0103r\u00e2ri de anulare a legilor.\u00a0Instan\u021ba, \u00eentr-adev\u0103r, de\u0219i a pus \u00een discu\u021bie, nu s-a pronun\u021bat absolut deloc pe aceast\u0103 cerere.<\/p>\n<p>Nu s-a pronun\u021bat nici pe cererile acelea excep\u021bii, adic\u0103, domnule, r\u0103m\u00e2i judecat\u0103 sau nu r\u0103m\u00e2i?\u00a0\u00centr-adev\u0103r, este pu\u021bin neobi\u0219nuit, neuzual s\u0103 ie\u0219i pe fondul cauzei\u00a0f\u0103r\u0103 s\u0103 rezolvi \u00eent\u00e2i solicit\u0103rile.\u00a0Sunt imposibile acele solu\u021bii care nu fac obiectul de judecat\u0103.\u00a0E important \u0219i ce a\u0219tept\u0103ri putem avea \u00een mod realist de la acest dosar,\u00a0respectiv de la instantele de judecat\u0103, pentru c\u0103, \u00een func\u021bie de aceste a\u0219tept\u0103ri,\u00a0ne vom raporta ulterior, v\u0103z\u00e2nd solu\u021bia, la instantele de judecat\u0103\u201d, a declarat Toni Neac\u0219u.<\/p>","protected":false},"excerpt":{"rendered":"<p>\u201eCurtea de at\u00e2t se va pronun\u021ba pe fondul cauzei.\u00a0Suntem \u00een ceea ce se nume\u0219te procedura&hellip;<\/p>\n","protected":false},"author":0,"featured_media":20303,"comment_status":"open","ping_status":"open","sticky":false,"template":"","format":"standard","meta":{"footnotes":""},"categories":[2],"tags":[],"class_list":["post-20309","post","type-post","status-publish","format-standard","has-post-thumbnail","hentry","category-actual"],"_links":{"self":[{"href":"https:\/\/247stiri.ro\/index.php\/wp-json\/wp\/v2\/posts\/20309","targetHints":{"allow":["GET"]}}],"collection":[{"href":"https:\/\/247stiri.ro\/index.php\/wp-json\/wp\/v2\/posts"}],"about":[{"href":"https:\/\/247stiri.ro\/index.php\/wp-json\/wp\/v2\/types\/post"}],"replies":[{"embeddable":true,"href":"https:\/\/247stiri.ro\/index.php\/wp-json\/wp\/v2\/comments?post=20309"}],"version-history":[{"count":0,"href":"https:\/\/247stiri.ro\/index.php\/wp-json\/wp\/v2\/posts\/20309\/revisions"}],"wp:featuredmedia":[{"embeddable":true,"href":"https:\/\/247stiri.ro\/index.php\/wp-json\/wp\/v2\/media\/20303"}],"wp:attachment":[{"href":"https:\/\/247stiri.ro\/index.php\/wp-json\/wp\/v2\/media?parent=20309"}],"wp:term":[{"taxonomy":"category","embeddable":true,"href":"https:\/\/247stiri.ro\/index.php\/wp-json\/wp\/v2\/categories?post=20309"},{"taxonomy":"post_tag","embeddable":true,"href":"https:\/\/247stiri.ro\/index.php\/wp-json\/wp\/v2\/tags?post=20309"}],"curies":[{"name":"wp","href":"https:\/\/api.w.org\/{rel}","templated":true}]}}