{"id":20326,"date":"2024-12-31T08:46:08","date_gmt":"2024-12-31T08:46:08","guid":{"rendered":"https:\/\/247stiri.ro\/index.php\/2024\/12\/31\/guvernul-da-inapoi-una-dintre-masurile-din-ordonanta-saraciei-nu-va-intra-in-vigoare-de-la-1-ianuarie\/"},"modified":"2024-12-31T08:46:08","modified_gmt":"2024-12-31T08:46:08","slug":"guvernul-da-inapoi-una-dintre-masurile-din-ordonanta-saraciei-nu-va-intra-in-vigoare-de-la-1-ianuarie","status":"publish","type":"post","link":"https:\/\/247stiri.ro\/index.php\/2024\/12\/31\/guvernul-da-inapoi-una-dintre-masurile-din-ordonanta-saraciei-nu-va-intra-in-vigoare-de-la-1-ianuarie\/","title":{"rendered":"Guvernul d\u0103 \u00eenapoi. Una dintre m\u0103surile din ordonan\u021ba s\u0103r\u0103ciei nu va intra \u00een vigoare de la 1 ianuarie"},"content":{"rendered":"<p>Una dintre m\u0103surile din ordonan\u021ba s\u0103r\u0103ciei nu va intra \u00een vigoare de la 1 ianuarie. Este anun\u021bul premierului Marcel Ciolacu referitor la taxa pe st\u00e2lp, care va fi am\u00e2nat\u0103 p\u00e2n\u0103 la noi discu\u021bii cu companiile mari care vor urma s\u0103 investeasc\u0103 \u00een Rom\u00e2nia. Mai mult, Executivul a decis \u00een \u0219edin\u021ba de ieri \u0219i diminuarea taxei.<\/p>\n<p>Premierul Marcel Ciolacu a anun\u021bat, luni, la \u00eenceputul \u0219edin\u021bei de Guvern \u00een care se adopt\u0103 ordonan\u021ba austerit\u0103\u021bii, c\u0103 a\u0219a-numita \u201etax\u0103 pe st\u00e2lp\u201d va fi am\u00e2nat\u0103 pentru discu\u021bii ale ministrului Finan\u021belor cu reprezentan\u021bii marilor companii.<\/p>\n<p>\u201eIntroducerea impozitului pe construc\u021biile speciale nu se va aplica dec\u00e2t dup\u0103 ce vor fi emise normele \u0219i dup\u0103 ce ministrul Finan\u021belor vor avea discu\u021bii cu marile companii\u201d, a afirmat Marcel Ciolacu.<\/p>\n<p>Proiectul de ordonan\u021b\u0103 a austerit\u0103\u021bii publicat duminic\u0103 \u00een transparen\u021b\u0103 decizional\u0103 de Ministerul Finan\u021belor includea o prevedere cu impact major asupra tuturor companiilor private: o tax\u0103 special\u0103 pe construc\u021bii de 1,5% din valoarea acestora. Este vorba despre reintroducerea celebrei \u201dtax\u0103 pe st\u00e2lp\u201d inventat\u0103 de guvernul Ponta \u00een 2014 \u0219i care fusese eliminat\u0103 \u00een 2017.<\/p>\n<p>Impozitul afecteaz\u0103 toate sectoarele industriale, de la energie la telecom \u0219i agricultur\u0103, urm\u00e2nd s\u0103 se aplice unor construc\u021bii precum silozuri, antene de telecomunica\u021bii, panouri electrice etc.<\/p>\n<p>Impozitul pe construc\u0163ii, cunoscut ca \u201etaxa pe st\u00e2lp\u201d, a fost eliminat \u00eencep\u00e2nd cu data de 1 ianuarie 2017. \u00cen 2015 \u0219i 2016, impozitul pe construc\u0163ii s-a calculat prin aplicarea unei cote de 1% asupra valorii construc\u0163iilor existente \u00een patrimoniul contribuabililor. \u00cen 2014, anul c\u00e2nd impozitul a fost introdus de guvernul Ponta, cuantumul impozitului a fost de 1,5% din valoarea construc\u021biilor.<\/p>","protected":false},"excerpt":{"rendered":"<p>Una dintre m\u0103surile din ordonan\u021ba s\u0103r\u0103ciei nu va intra \u00een vigoare de la 1 ianuarie.&hellip;<\/p>\n","protected":false},"author":0,"featured_media":20324,"comment_status":"open","ping_status":"open","sticky":false,"template":"","format":"standard","meta":{"footnotes":""},"categories":[2],"tags":[],"class_list":["post-20326","post","type-post","status-publish","format-standard","has-post-thumbnail","hentry","category-actual"],"_links":{"self":[{"href":"https:\/\/247stiri.ro\/index.php\/wp-json\/wp\/v2\/posts\/20326","targetHints":{"allow":["GET"]}}],"collection":[{"href":"https:\/\/247stiri.ro\/index.php\/wp-json\/wp\/v2\/posts"}],"about":[{"href":"https:\/\/247stiri.ro\/index.php\/wp-json\/wp\/v2\/types\/post"}],"replies":[{"embeddable":true,"href":"https:\/\/247stiri.ro\/index.php\/wp-json\/wp\/v2\/comments?post=20326"}],"version-history":[{"count":0,"href":"https:\/\/247stiri.ro\/index.php\/wp-json\/wp\/v2\/posts\/20326\/revisions"}],"wp:featuredmedia":[{"embeddable":true,"href":"https:\/\/247stiri.ro\/index.php\/wp-json\/wp\/v2\/media\/20324"}],"wp:attachment":[{"href":"https:\/\/247stiri.ro\/index.php\/wp-json\/wp\/v2\/media?parent=20326"}],"wp:term":[{"taxonomy":"category","embeddable":true,"href":"https:\/\/247stiri.ro\/index.php\/wp-json\/wp\/v2\/categories?post=20326"},{"taxonomy":"post_tag","embeddable":true,"href":"https:\/\/247stiri.ro\/index.php\/wp-json\/wp\/v2\/tags?post=20326"}],"curies":[{"name":"wp","href":"https:\/\/api.w.org\/{rel}","templated":true}]}}